{"id":914,"date":"2025-02-08T17:50:08","date_gmt":"2025-02-08T16:50:08","guid":{"rendered":"https:\/\/www.travelita.cz\/?p=914"},"modified":"2025-02-09T14:52:16","modified_gmt":"2025-02-09T13:52:16","slug":"cinque-terre","status":"publish","type":"post","link":"https:\/\/www.travelita.cz\/?p=914","title":{"rendered":"Cinque Terre"},"content":{"rendered":"\n<p>Pokud se ocitnete v ligursk\u00e9 \u010d\u00e1sti It\u00e1lie, v\u00fdlet do Cinque Terre je jednou z nejlep\u0161\u00edch mo\u017enost\u00ed na celodenn\u00ed objevov\u00e1n\u00ed. N\u00e1zev znamen\u00e1 \u201eP\u011bt zem\u00ed\u201c nebo \u201eP\u011bt vesnic\u201c a jedn\u00e1 se o malebnou \u010d\u00e1st ligursk\u00e9ho pob\u0159e\u017e\u00ed s p\u011bti ryb\u00e1\u0159sk\u00fdmi vesni\u010dkami. Typick\u00e9 pastelov\u011b zbarven\u00e9 domy jako by byly p\u0159ilepen\u00e9 ke strm\u00fdm skaln\u00edm svah\u016fm, v\u0161e obklopen\u00e9 vinicemi. Do oblasti se m\u016f\u017eete dostat lod\u00ed z La Spezie nebo Levanta, p\u0159\u00edpadn\u011b p\u011b\u0161ky \u2013 vede sem mnoho stezek, a n\u011bkte\u0159\u00ed tvrd\u00ed, \u017ee pr\u00e1v\u011b p\u011b\u0161\u00ed cesta je tou nejlep\u0161\u00ed volbou.<\/p>\n\n\n\n<p><strong>Portovenere<\/strong><\/p>\n\n\n\n<p>Toto je prvn\u00ed zast\u00e1vka lod\u00ed \u2013 opevn\u011bn\u00e1 vesnice Portovenere. Ne\u0159ad\u00ed se mezi p\u011bt hlavn\u00edch vesnic Cinque Terre, ale pokud m\u00e1te \u010das, stoj\u00ed za n\u00e1v\u0161t\u011bvu. Nap\u0159\u00edklad pokud jste p\u0159ijeli autobusem z La Spezie a \u010dek\u00e1te na lo\u010f, rozhodn\u011b se zde zastavte. Portovenere je typick\u00e1 st\u0159edov\u011bk\u00e1 vesnice obehnan\u00e1 kamenn\u00fdmi hradbami. Pat\u0159\u00ed na seznam UNESCO a hlavn\u00edmi pam\u00e1tkami jsou kostel San Pietro a hrad z 10. stolet\u00ed, kter\u00fd byl rekonstruov\u00e1n v 15. stolet\u00ed. Kostel San Pietro, viditeln\u00fd u\u017e z lod\u011b, byl postaven ve 13. stolet\u00ed a je sou\u010d\u00e1st\u00ed obrann\u00e9ho syst\u00e9mu vesnice \u2013 v\u0161echny zdej\u0161\u00ed osady slou\u017eily jako obrann\u00e1 linie proti pir\u00e1t\u016fm.<\/p>\n\n\n\n<figure class=\"wp-block-gallery has-nested-images columns-default is-cropped wp-block-gallery-1 is-layout-flex wp-block-gallery-is-layout-flex\">\n<figure class=\"wp-block-image size-large\"><img loading=\"lazy\" decoding=\"async\" width=\"1024\" height=\"683\" data-id=\"941\" src=\"https:\/\/www.travelita.cz\/wp-content\/uploads\/2025\/02\/DSC06612-1024x683.jpg\" alt=\"\" class=\"wp-image-941\" srcset=\"https:\/\/www.travelita.cz\/wp-content\/uploads\/2025\/02\/DSC06612-1024x683.jpg 1024w, https:\/\/www.travelita.cz\/wp-content\/uploads\/2025\/02\/DSC06612-300x200.jpg 300w, https:\/\/www.travelita.cz\/wp-content\/uploads\/2025\/02\/DSC06612-768x512.jpg 768w, https:\/\/www.travelita.cz\/wp-content\/uploads\/2025\/02\/DSC06612-1536x1024.jpg 1536w, https:\/\/www.travelita.cz\/wp-content\/uploads\/2025\/02\/DSC06612-2048x1365.jpg 2048w, https:\/\/www.travelita.cz\/wp-content\/uploads\/2025\/02\/DSC06612-180x120.jpg 180w, https:\/\/www.travelita.cz\/wp-content\/uploads\/2025\/02\/DSC06612-900x600.jpg 900w, https:\/\/www.travelita.cz\/wp-content\/uploads\/2025\/02\/DSC06612-715x477.jpg 715w\" sizes=\"auto, (max-width: 1024px) 100vw, 1024px\" \/><\/figure>\n\n\n\n<figure class=\"wp-block-image size-large\"><img loading=\"lazy\" decoding=\"async\" width=\"1024\" height=\"683\" data-id=\"942\" src=\"https:\/\/www.travelita.cz\/wp-content\/uploads\/2025\/02\/DSC06622-1024x683.jpg\" alt=\"\" class=\"wp-image-942\" srcset=\"https:\/\/www.travelita.cz\/wp-content\/uploads\/2025\/02\/DSC06622-1024x683.jpg 1024w, https:\/\/www.travelita.cz\/wp-content\/uploads\/2025\/02\/DSC06622-300x200.jpg 300w, https:\/\/www.travelita.cz\/wp-content\/uploads\/2025\/02\/DSC06622-768x512.jpg 768w, https:\/\/www.travelita.cz\/wp-content\/uploads\/2025\/02\/DSC06622-1536x1024.jpg 1536w, https:\/\/www.travelita.cz\/wp-content\/uploads\/2025\/02\/DSC06622-2048x1365.jpg 2048w, https:\/\/www.travelita.cz\/wp-content\/uploads\/2025\/02\/DSC06622-180x120.jpg 180w, https:\/\/www.travelita.cz\/wp-content\/uploads\/2025\/02\/DSC06622-900x600.jpg 900w, https:\/\/www.travelita.cz\/wp-content\/uploads\/2025\/02\/DSC06622-715x477.jpg 715w\" sizes=\"auto, (max-width: 1024px) 100vw, 1024px\" \/><\/figure>\n\n\n\n<figure class=\"wp-block-image size-large\"><img loading=\"lazy\" decoding=\"async\" width=\"1024\" height=\"683\" data-id=\"947\" src=\"https:\/\/www.travelita.cz\/wp-content\/uploads\/2025\/02\/DSC06632-1-1024x683.jpg\" alt=\"\" class=\"wp-image-947\" srcset=\"https:\/\/www.travelita.cz\/wp-content\/uploads\/2025\/02\/DSC06632-1-1024x683.jpg 1024w, https:\/\/www.travelita.cz\/wp-content\/uploads\/2025\/02\/DSC06632-1-300x200.jpg 300w, https:\/\/www.travelita.cz\/wp-content\/uploads\/2025\/02\/DSC06632-1-768x512.jpg 768w, https:\/\/www.travelita.cz\/wp-content\/uploads\/2025\/02\/DSC06632-1-1536x1024.jpg 1536w, https:\/\/www.travelita.cz\/wp-content\/uploads\/2025\/02\/DSC06632-1-2048x1365.jpg 2048w, https:\/\/www.travelita.cz\/wp-content\/uploads\/2025\/02\/DSC06632-1-180x120.jpg 180w, https:\/\/www.travelita.cz\/wp-content\/uploads\/2025\/02\/DSC06632-1-900x600.jpg 900w, https:\/\/www.travelita.cz\/wp-content\/uploads\/2025\/02\/DSC06632-1-715x477.jpg 715w\" sizes=\"auto, (max-width: 1024px) 100vw, 1024px\" \/><\/figure>\n\n\n\n<figure class=\"wp-block-image size-large\"><img loading=\"lazy\" decoding=\"async\" width=\"1024\" height=\"683\" data-id=\"948\" src=\"https:\/\/www.travelita.cz\/wp-content\/uploads\/2025\/02\/DSC06598-1024x683.jpg\" alt=\"\" class=\"wp-image-948\" srcset=\"https:\/\/www.travelita.cz\/wp-content\/uploads\/2025\/02\/DSC06598-1024x683.jpg 1024w, https:\/\/www.travelita.cz\/wp-content\/uploads\/2025\/02\/DSC06598-300x200.jpg 300w, https:\/\/www.travelita.cz\/wp-content\/uploads\/2025\/02\/DSC06598-768x512.jpg 768w, https:\/\/www.travelita.cz\/wp-content\/uploads\/2025\/02\/DSC06598-1536x1024.jpg 1536w, https:\/\/www.travelita.cz\/wp-content\/uploads\/2025\/02\/DSC06598-2048x1365.jpg 2048w, https:\/\/www.travelita.cz\/wp-content\/uploads\/2025\/02\/DSC06598-180x120.jpg 180w, https:\/\/www.travelita.cz\/wp-content\/uploads\/2025\/02\/DSC06598-900x600.jpg 900w, https:\/\/www.travelita.cz\/wp-content\/uploads\/2025\/02\/DSC06598-715x477.jpg 715w\" sizes=\"auto, (max-width: 1024px) 100vw, 1024px\" \/><\/figure>\n\n\n\n<figure class=\"wp-block-image size-large\"><img loading=\"lazy\" decoding=\"async\" width=\"1024\" height=\"683\" data-id=\"949\" src=\"https:\/\/www.travelita.cz\/wp-content\/uploads\/2025\/02\/DSC06656-1-1024x683.jpg\" alt=\"\" class=\"wp-image-949\" srcset=\"https:\/\/www.travelita.cz\/wp-content\/uploads\/2025\/02\/DSC06656-1-1024x683.jpg 1024w, https:\/\/www.travelita.cz\/wp-content\/uploads\/2025\/02\/DSC06656-1-300x200.jpg 300w, https:\/\/www.travelita.cz\/wp-content\/uploads\/2025\/02\/DSC06656-1-768x512.jpg 768w, https:\/\/www.travelita.cz\/wp-content\/uploads\/2025\/02\/DSC06656-1-1536x1024.jpg 1536w, https:\/\/www.travelita.cz\/wp-content\/uploads\/2025\/02\/DSC06656-1-2048x1365.jpg 2048w, https:\/\/www.travelita.cz\/wp-content\/uploads\/2025\/02\/DSC06656-1-180x120.jpg 180w, https:\/\/www.travelita.cz\/wp-content\/uploads\/2025\/02\/DSC06656-1-900x600.jpg 900w, https:\/\/www.travelita.cz\/wp-content\/uploads\/2025\/02\/DSC06656-1-715x477.jpg 715w\" sizes=\"auto, (max-width: 1024px) 100vw, 1024px\" \/><\/figure>\n<\/figure>\n\n\n\n<p><strong>Riomaggiore<\/strong><\/p>\n\n\n\n<p>Riomaggiore je prvn\u00ed z p\u011bti vesnic a je dostupn\u00e1 i vlakem \u2013 \u017eelezni\u010dn\u00ed tra\u0165 z Janova nebo La Spezie poch\u00e1z\u00ed z 19. stolet\u00ed a proch\u00e1z\u00ed mno\u017estv\u00edm tunel\u016f, co\u017e je samo o sob\u011b zaj\u00edmav\u00fd z\u00e1\u017eitek. Vlak spojuje v\u0161ech p\u011bt vesnic, tak\u017ee pokud nestihnete lo\u010f, m\u00e1te jinou mo\u017enost, jak se p\u0159esouvat. Pokud m\u00e1te \u010das, nav\u0161tivte jeden ze dvou kostel\u016f ze 14. stolet\u00ed nebo vystoupejte k ben\u00e1tsk\u00e9 pevnosti, odkud je n\u00e1dhern\u00fd v\u00fdhled na mo\u0159e. Z Riomaggiore m\u016f\u017eete pokra\u010dovat lod\u00ed, vlakem nebo p\u011b\u0161ky po slavn\u00e9 stezce \u201eVia dell&#8217;Amore\u201c \u2013 \u201eCest\u011b l\u00e1sky\u201c \u2013 do Manaroly a trasa trv\u00e1 jen 20 minut. My jsme zvolili pohodln\u011bj\u0161\u00ed p\u0159\u00edstup a cel\u00fd den jsme jen p\u0159eskakovali z lodi na b\u0159eh a zp\u011bt. Pokud se rozhodnete jet lod\u00ed, nezapome\u0148te na klobouk a siln\u00fd opalovac\u00ed kr\u00e9m \u2013 moje hlava byla po n\u011bkolika hodin\u00e1ch na slunci rud\u00e1 jako kardin\u00e1lsk\u00e1 \u010dapka\u2026 \ud83d\ude42<\/p>\n\n\n\n<figure class=\"wp-block-gallery has-nested-images columns-default is-cropped wp-block-gallery-2 is-layout-flex wp-block-gallery-is-layout-flex\">\n<figure class=\"wp-block-image size-large\"><img loading=\"lazy\" decoding=\"async\" width=\"1024\" height=\"683\" data-id=\"950\" src=\"https:\/\/www.travelita.cz\/wp-content\/uploads\/2025\/02\/DSC06696-1024x683.jpg\" alt=\"\" class=\"wp-image-950\" srcset=\"https:\/\/www.travelita.cz\/wp-content\/uploads\/2025\/02\/DSC06696-1024x683.jpg 1024w, https:\/\/www.travelita.cz\/wp-content\/uploads\/2025\/02\/DSC06696-300x200.jpg 300w, https:\/\/www.travelita.cz\/wp-content\/uploads\/2025\/02\/DSC06696-768x512.jpg 768w, https:\/\/www.travelita.cz\/wp-content\/uploads\/2025\/02\/DSC06696-1536x1024.jpg 1536w, https:\/\/www.travelita.cz\/wp-content\/uploads\/2025\/02\/DSC06696-2048x1365.jpg 2048w, https:\/\/www.travelita.cz\/wp-content\/uploads\/2025\/02\/DSC06696-180x120.jpg 180w, https:\/\/www.travelita.cz\/wp-content\/uploads\/2025\/02\/DSC06696-900x600.jpg 900w, https:\/\/www.travelita.cz\/wp-content\/uploads\/2025\/02\/DSC06696-715x477.jpg 715w\" sizes=\"auto, (max-width: 1024px) 100vw, 1024px\" \/><\/figure>\n\n\n\n<figure class=\"wp-block-image size-large\"><img loading=\"lazy\" decoding=\"async\" width=\"1024\" height=\"683\" data-id=\"946\" src=\"https:\/\/www.travelita.cz\/wp-content\/uploads\/2025\/02\/DSC06705-1024x683.jpg\" alt=\"\" class=\"wp-image-946\" srcset=\"https:\/\/www.travelita.cz\/wp-content\/uploads\/2025\/02\/DSC06705-1024x683.jpg 1024w, https:\/\/www.travelita.cz\/wp-content\/uploads\/2025\/02\/DSC06705-300x200.jpg 300w, https:\/\/www.travelita.cz\/wp-content\/uploads\/2025\/02\/DSC06705-768x512.jpg 768w, https:\/\/www.travelita.cz\/wp-content\/uploads\/2025\/02\/DSC06705-1536x1024.jpg 1536w, https:\/\/www.travelita.cz\/wp-content\/uploads\/2025\/02\/DSC06705-2048x1365.jpg 2048w, https:\/\/www.travelita.cz\/wp-content\/uploads\/2025\/02\/DSC06705-180x120.jpg 180w, https:\/\/www.travelita.cz\/wp-content\/uploads\/2025\/02\/DSC06705-900x600.jpg 900w, https:\/\/www.travelita.cz\/wp-content\/uploads\/2025\/02\/DSC06705-715x477.jpg 715w\" sizes=\"auto, (max-width: 1024px) 100vw, 1024px\" \/><\/figure>\n\n\n\n<figure class=\"wp-block-image size-large\"><img loading=\"lazy\" decoding=\"async\" width=\"1024\" height=\"683\" data-id=\"944\" src=\"https:\/\/www.travelita.cz\/wp-content\/uploads\/2025\/02\/DSC06719-1024x683.jpg\" alt=\"\" class=\"wp-image-944\" srcset=\"https:\/\/www.travelita.cz\/wp-content\/uploads\/2025\/02\/DSC06719-1024x683.jpg 1024w, https:\/\/www.travelita.cz\/wp-content\/uploads\/2025\/02\/DSC06719-300x200.jpg 300w, https:\/\/www.travelita.cz\/wp-content\/uploads\/2025\/02\/DSC06719-768x512.jpg 768w, https:\/\/www.travelita.cz\/wp-content\/uploads\/2025\/02\/DSC06719-1536x1024.jpg 1536w, https:\/\/www.travelita.cz\/wp-content\/uploads\/2025\/02\/DSC06719-2048x1365.jpg 2048w, https:\/\/www.travelita.cz\/wp-content\/uploads\/2025\/02\/DSC06719-180x120.jpg 180w, https:\/\/www.travelita.cz\/wp-content\/uploads\/2025\/02\/DSC06719-900x600.jpg 900w, https:\/\/www.travelita.cz\/wp-content\/uploads\/2025\/02\/DSC06719-715x477.jpg 715w\" sizes=\"auto, (max-width: 1024px) 100vw, 1024px\" \/><\/figure>\n<\/figure>\n\n\n\n<p><strong>Manarola<\/strong><\/p>\n\n\n\n<p>Manarola je druhou vesnic\u00ed a je postavena na sk\u00e1le, kter\u00e1 se ty\u010d\u00ed zhruba 70 metr\u016f nad mo\u0159em. Je jednou z nejfotogeni\u010dt\u011bj\u0161\u00edch vesnic v oblasti, zejm\u00e9na pokud se na ni d\u00edv\u00e1te z pob\u0159e\u017en\u00ed stezky vedouc\u00ed k sousedn\u00ed vesnici. Barevn\u00e9 domky seskupen\u00e9 na \u00fazk\u00e9m v\u00fdb\u011b\u017eku vytv\u00e1\u0159ej\u00ed ikonick\u00fd pohled, kter\u00fd je \u010dasto zobrazov\u00e1n na pohlednic\u00edch a cestovatelsk\u00fdch bro\u017eur\u00e1ch. Pokud m\u00e1te hlad, zastavte se v n\u011bkter\u00e9 z m\u00edstn\u00edch restaurac\u00ed a vychutnejte si j\u00eddlo s n\u00e1dhern\u00fdm v\u00fdhledem na mo\u0159e. A pokud m\u00e1te r\u00e1di sladk\u00e1 v\u00edna, ur\u010dit\u011b ochutnejte m\u00edstn\u00ed specialitu \u2013 Sciacchetr\u00e0, co\u017e je lahodn\u00e9 dezertn\u00ed v\u00edno, kter\u00e9 se vyr\u00e1b\u00ed z hrozn\u016f p\u011bstovan\u00fdch na strm\u00fdch teras\u00e1ch nad vesnic\u00ed.<\/p>\n\n\n\n<p><strong>Corniglia<\/strong><\/p>\n\n\n\n<p>Corniglia je t\u0159et\u00ed vesnic\u00ed a na rozd\u00edl od ostatn\u00edch se nenach\u00e1z\u00ed p\u0159\u00edmo u mo\u0159e, ale vysoko na skalnat\u00e9m v\u00fdb\u011b\u017eku. Lod\u011b zde proto nestav\u00ed a pokud ji chcete nav\u0161t\u00edvit, mus\u00edte bu\u010f doj\u00edt p\u011b\u0161ky, nebo jet vlakem. Po p\u0159\u00edjezdu vlakem v\u00e1s v\u0161ak \u010dek\u00e1 je\u0161t\u011b jedna v\u00fdzva \u2013 v\u00fdstup po 377 schodech, kter\u00e9 vedou k vesnici. Nen\u00ed to nejleh\u010d\u00ed p\u0159\u00edstup, ale pr\u00e1v\u011b d\u00edky tomu zde panuje klidn\u011bj\u0161\u00ed atmosf\u00e9ra s men\u0161\u00edm mno\u017estv\u00edm turist\u016f.<br>Corniglia je m\u00e9n\u011b komer\u010dn\u00ed ne\u017e ostatn\u00ed vesnice a st\u00e1le si zachov\u00e1v\u00e1 typick\u00fd venkovsk\u00fd r\u00e1z. \u00dazk\u00e9 uli\u010dky jsou lemov\u00e1ny star\u00fdmi kamenn\u00fdmi domy a na mal\u00fdch n\u00e1m\u011bst\u00edch se m\u016f\u017eete posadit a nas\u00e1vat poklidnou atmosf\u00e9ru, daleko od dav\u016f. Pokud m\u00e1te r\u00e1di v\u00edno, zdej\u0161\u00ed vinice produkuj\u00ed n\u011bkter\u00e9 z nejlep\u0161\u00edch b\u00edl\u00fdch v\u00edn v regionu.<\/p>\n\n\n\n<p><strong>Vernazza<\/strong><\/p>\n\n\n\n<p>Vernazza je \u010dtvrtou vesnic\u00ed a na rozd\u00edl od p\u0159edchoz\u00edch dvou se nach\u00e1z\u00ed op\u011bt bl\u00ed\u017ee mo\u0159i. Vesnici obklopuj\u00ed olivov\u00e9 h\u00e1je, kter\u00e9 produkuj\u00ed jedno z nejlep\u0161\u00edch olivov\u00fdch olej\u016f v It\u00e1lii \u2013 pokud tedy budete m\u00edt mo\u017enost si zde n\u011bjak\u00fd koupit, nev\u00e1hejte! Teoreticky se do Vernazzy d\u00e1 dojet autem, ale pokud u\u017e m\u00e1te zku\u0161enost s horsk\u00fdmi silnicemi a italsk\u00fdm stylem \u0159\u00edzen\u00ed v Ligurii, pravd\u011bpodobn\u011b nech\u00e1te auto rad\u011bji v La Spezii. Pokud v\u00e1m zb\u00fdv\u00e1 \u010das, zkuste vyl\u00e9zt na n\u011bkter\u00e9 z men\u0161\u00edch skal na pob\u0159e\u017e\u00ed a sko\u010dit do azurov\u011b modr\u00e9ho mo\u0159e \u2013 p\u0159esn\u011b to d\u011blaj\u00ed m\u00edstn\u00ed \u0161koln\u00ed v\u00fdpravy\u2026 \ud83d\ude42<\/p>\n\n\n\n<p><strong>Monterosso al Mare<\/strong><\/p>\n\n\n\n<p>Posledn\u00ed a z\u00e1rove\u0148 nejv\u011bt\u0161\u00ed vesnice \u2013 Monterosso al Mare \u2013 se od ostatn\u00edch trochu li\u0161\u00ed. Nen\u00ed postavena na skal\u00e1ch, ale na m\u00edrn\u011bj\u0161\u00edch svaz\u00edch, a nav\u00edc m\u00e1 vlastn\u00ed p\u00eds\u010ditou pl\u00e1\u017e. Pokud pl\u00e1nujete koup\u00e1n\u00ed a relax na pl\u00e1\u017ei, nezapome\u0148te si vz\u00edt dostatek vody na opl\u00e1chnut\u00ed slan\u00e9 vody \u2013 pro n\u00e1s to bylo nep\u0159\u00edjemn\u00e9 p\u0159ekvapen\u00ed, kdy\u017e jsme po plav\u00e1n\u00ed nemohli naj\u00edt \u017e\u00e1dn\u00e9 ve\u0159ejn\u00e9 sprchy. Mezi zaj\u00edmavosti zde pat\u0159\u00ed kapuc\u00ednsk\u00fd kl\u00e1\u0161ter, poz\u016fstatky star\u00e9ho hradu a samoz\u0159ejm\u011b Monterossk\u00fd obr \u2013 socha Neptuna na z\u00e1padn\u00edm konci pl\u00e1\u017ee. Tato monument\u00e1ln\u00ed socha v\u0161ak byla b\u011bhem druh\u00e9 sv\u011btov\u00e9 v\u00e1lky po\u0161kozena bombardov\u00e1n\u00edm a v roce 1966 bou\u0159\u00ed, tak\u017ee p\u0159i\u0161el o nohu, ruku, a i o terasu ve tvaru lastury kterou dr\u017eel nad sebou. Na so\u0161e prob\u00edhala \u010d\u00e1ste\u010dn\u00e1 rekonstrukce, kter\u00e9 m\u011bla skon\u010dit v roce 2022, tak snad je to ji\u017e lep\u0161\u00ed pohled ne\u017e jsme m\u011bli my &#8211; le\u0161en\u00ed, le\u0161en\u00ed a le\u0161en\u00ed&#8230; <\/p>\n\n\n\n<figure class=\"wp-block-gallery has-nested-images columns-default is-cropped wp-block-gallery-3 is-layout-flex wp-block-gallery-is-layout-flex\">\n<figure class=\"wp-block-image size-large\"><img loading=\"lazy\" decoding=\"async\" width=\"1024\" height=\"683\" data-id=\"954\" src=\"https:\/\/www.travelita.cz\/wp-content\/uploads\/2025\/02\/DSC06753-1024x683.jpg\" alt=\"\" class=\"wp-image-954\" srcset=\"https:\/\/www.travelita.cz\/wp-content\/uploads\/2025\/02\/DSC06753-1024x683.jpg 1024w, https:\/\/www.travelita.cz\/wp-content\/uploads\/2025\/02\/DSC06753-300x200.jpg 300w, https:\/\/www.travelita.cz\/wp-content\/uploads\/2025\/02\/DSC06753-768x512.jpg 768w, https:\/\/www.travelita.cz\/wp-content\/uploads\/2025\/02\/DSC06753-1536x1024.jpg 1536w, https:\/\/www.travelita.cz\/wp-content\/uploads\/2025\/02\/DSC06753-2048x1365.jpg 2048w, https:\/\/www.travelita.cz\/wp-content\/uploads\/2025\/02\/DSC06753-180x120.jpg 180w, https:\/\/www.travelita.cz\/wp-content\/uploads\/2025\/02\/DSC06753-900x600.jpg 900w, https:\/\/www.travelita.cz\/wp-content\/uploads\/2025\/02\/DSC06753-715x477.jpg 715w\" sizes=\"auto, (max-width: 1024px) 100vw, 1024px\" \/><\/figure>\n\n\n\n<figure class=\"wp-block-image size-large\"><img loading=\"lazy\" decoding=\"async\" width=\"1024\" height=\"683\" data-id=\"956\" src=\"https:\/\/www.travelita.cz\/wp-content\/uploads\/2025\/02\/DSC06778-1024x683.jpg\" alt=\"\" class=\"wp-image-956\" srcset=\"https:\/\/www.travelita.cz\/wp-content\/uploads\/2025\/02\/DSC06778-1024x683.jpg 1024w, https:\/\/www.travelita.cz\/wp-content\/uploads\/2025\/02\/DSC06778-300x200.jpg 300w, https:\/\/www.travelita.cz\/wp-content\/uploads\/2025\/02\/DSC06778-768x512.jpg 768w, https:\/\/www.travelita.cz\/wp-content\/uploads\/2025\/02\/DSC06778-1536x1024.jpg 1536w, https:\/\/www.travelita.cz\/wp-content\/uploads\/2025\/02\/DSC06778-2048x1365.jpg 2048w, https:\/\/www.travelita.cz\/wp-content\/uploads\/2025\/02\/DSC06778-180x120.jpg 180w, https:\/\/www.travelita.cz\/wp-content\/uploads\/2025\/02\/DSC06778-900x600.jpg 900w, https:\/\/www.travelita.cz\/wp-content\/uploads\/2025\/02\/DSC06778-715x477.jpg 715w\" sizes=\"auto, (max-width: 1024px) 100vw, 1024px\" \/><\/figure>\n\n\n\n<figure class=\"wp-block-image size-large\"><img loading=\"lazy\" decoding=\"async\" width=\"1024\" height=\"683\" data-id=\"957\" src=\"https:\/\/www.travelita.cz\/wp-content\/uploads\/2025\/02\/DSC06813-1024x683.jpg\" alt=\"\" class=\"wp-image-957\" srcset=\"https:\/\/www.travelita.cz\/wp-content\/uploads\/2025\/02\/DSC06813-1024x683.jpg 1024w, https:\/\/www.travelita.cz\/wp-content\/uploads\/2025\/02\/DSC06813-300x200.jpg 300w, https:\/\/www.travelita.cz\/wp-content\/uploads\/2025\/02\/DSC06813-768x512.jpg 768w, https:\/\/www.travelita.cz\/wp-content\/uploads\/2025\/02\/DSC06813-1536x1024.jpg 1536w, https:\/\/www.travelita.cz\/wp-content\/uploads\/2025\/02\/DSC06813-2048x1365.jpg 2048w, https:\/\/www.travelita.cz\/wp-content\/uploads\/2025\/02\/DSC06813-180x120.jpg 180w, https:\/\/www.travelita.cz\/wp-content\/uploads\/2025\/02\/DSC06813-900x600.jpg 900w, https:\/\/www.travelita.cz\/wp-content\/uploads\/2025\/02\/DSC06813-715x477.jpg 715w\" sizes=\"auto, (max-width: 1024px) 100vw, 1024px\" \/><\/figure>\n<\/figure>\n\n\n\n<p><strong>Z\u00e1v\u011br<\/strong><\/p>\n\n\n\n<p>Cinque Terre je kouzeln\u00fdm m\u00edstem, kter\u00e9 si zachovalo svou jedine\u010dnost a autenticitu. A\u0165 u\u017e se rozhodnete prozkoumat ho p\u011b\u0161ky, lod\u00ed nebo vlakem, z\u00e1\u017eitek z tohoto pob\u0159e\u017en\u00edho klenotu si jist\u011b odnesete s sebou. Nezapome\u0148te ochutnat m\u00edstn\u00ed v\u00edno, olivov\u00fd olej a mo\u0159sk\u00e9 plody, kter\u00e9 jsou v t\u00e9to oblasti jedny z nejlep\u0161\u00edch.<\/p>\n\n\n\n<p>U\u017eijte si sv\u016fj den v Cinque Terre!<\/p>\n","protected":false},"excerpt":{"rendered":"<p>Pokud se ocitnete v ligursk\u00e9 \u010d\u00e1sti It\u00e1lie, v\u00fdlet do Cinque Terre je jednou z nejlep\u0161\u00edch mo\u017enost\u00ed na celodenn\u00ed objevov\u00e1n\u00ed. N\u00e1zev znamen\u00e1 \u201eP\u011bt zem\u00ed\u201c nebo \u201eP\u011bt vesnic\u201c a jedn\u00e1 se o malebnou \u010d\u00e1st ligursk\u00e9ho pob\u0159e\u017e\u00ed s p\u011bti ryb\u00e1\u0159sk\u00fdmi vesni\u010dkami. Typick\u00e9 pastelov\u011b zbarven\u00e9 domy jako by byly p\u0159ilepen\u00e9 ke strm\u00fdm skaln\u00edm svah\u016fm, v\u0161e obklopen\u00e9 vinicemi&#8230;.<\/p>\n","protected":false},"author":1,"featured_media":942,"comment_status":"open","ping_status":"open","sticky":false,"template":"","format":"standard","meta":{"_eb_attr":"","footnotes":""},"categories":[13,17],"tags":[55,59,62,58,61,56,57,60],"class_list":["post-914","post","type-post","status-publish","format-standard","has-post-thumbnail","hentry","category-italie","category-zobrazovat","tag-cinque-terre","tag-corniglia","tag-italie","tag-manarola","tag-monterosso-al-mare","tag-portovenere","tag-riomaggiore","tag-vernazza"],"rttpg_featured_image_url":{"full":["https:\/\/www.travelita.cz\/wp-content\/uploads\/2025\/02\/DSC06622-scaled.jpg",2560,1707,false],"landscape":["https:\/\/www.travelita.cz\/wp-content\/uploads\/2025\/02\/DSC06622-scaled.jpg",2560,1707,false],"portraits":["https:\/\/www.travelita.cz\/wp-content\/uploads\/2025\/02\/DSC06622-scaled.jpg",2560,1707,false],"thumbnail":["https:\/\/www.travelita.cz\/wp-content\/uploads\/2025\/02\/DSC06622-150x150.jpg",150,150,true],"medium":["https:\/\/www.travelita.cz\/wp-content\/uploads\/2025\/02\/DSC06622-300x200.jpg",300,200,true],"large":["https:\/\/www.travelita.cz\/wp-content\/uploads\/2025\/02\/DSC06622-1024x683.jpg",690,460,true],"1536x1536":["https:\/\/www.travelita.cz\/wp-content\/uploads\/2025\/02\/DSC06622-1536x1024.jpg",1536,1024,true],"2048x2048":["https:\/\/www.travelita.cz\/wp-content\/uploads\/2025\/02\/DSC06622-2048x1365.jpg",2048,1365,true],"appetizo-random-thumb":["https:\/\/www.travelita.cz\/wp-content\/uploads\/2025\/02\/DSC06622-450x450.jpg",450,450,true],"appetizo-thumb":["https:\/\/www.travelita.cz\/wp-content\/uploads\/2025\/02\/DSC06622-180x120.jpg",180,120,true],"post-thumbnail":["https:\/\/www.travelita.cz\/wp-content\/uploads\/2025\/02\/DSC06622-150x150.jpg",150,150,true],"appetizo-large-image":["https:\/\/www.travelita.cz\/wp-content\/uploads\/2025\/02\/DSC06622-scaled.jpg",2560,1707,false],"appetizo-medium-image":["https:\/\/www.travelita.cz\/wp-content\/uploads\/2025\/02\/DSC06622-900x600.jpg",900,600,true],"appetizo-small-image":["https:\/\/www.travelita.cz\/wp-content\/uploads\/2025\/02\/DSC06622-715x477.jpg",715,477,true]},"rttpg_author":{"display_name":"Travelito","author_link":"https:\/\/www.travelita.cz\/?author=1"},"rttpg_comment":0,"rttpg_category":"<a href=\"https:\/\/www.travelita.cz\/?cat=13\" rel=\"category\">It\u00e1lie<\/a> <a href=\"https:\/\/www.travelita.cz\/?cat=17\" rel=\"category\">Zobrazovat<\/a>","rttpg_excerpt":"Pokud se ocitnete v ligursk\u00e9 \u010d\u00e1sti It\u00e1lie, v\u00fdlet do Cinque Terre je jednou z nejlep\u0161\u00edch mo\u017enost\u00ed na celodenn\u00ed objevov\u00e1n\u00ed. N\u00e1zev znamen\u00e1 \u201eP\u011bt zem\u00ed\u201c nebo \u201eP\u011bt vesnic\u201c a jedn\u00e1 se o malebnou \u010d\u00e1st ligursk\u00e9ho pob\u0159e\u017e\u00ed s p\u011bti ryb\u00e1\u0159sk\u00fdmi vesni\u010dkami. Typick\u00e9 pastelov\u011b zbarven\u00e9 domy jako by byly p\u0159ilepen\u00e9 ke strm\u00fdm skaln\u00edm svah\u016fm, v\u0161e obklopen\u00e9 vinicemi....","_links":{"self":[{"href":"https:\/\/www.travelita.cz\/index.php?rest_route=\/wp\/v2\/posts\/914","targetHints":{"allow":["GET"]}}],"collection":[{"href":"https:\/\/www.travelita.cz\/index.php?rest_route=\/wp\/v2\/posts"}],"about":[{"href":"https:\/\/www.travelita.cz\/index.php?rest_route=\/wp\/v2\/types\/post"}],"author":[{"embeddable":true,"href":"https:\/\/www.travelita.cz\/index.php?rest_route=\/wp\/v2\/users\/1"}],"replies":[{"embeddable":true,"href":"https:\/\/www.travelita.cz\/index.php?rest_route=%2Fwp%2Fv2%2Fcomments&post=914"}],"version-history":[{"count":6,"href":"https:\/\/www.travelita.cz\/index.php?rest_route=\/wp\/v2\/posts\/914\/revisions"}],"predecessor-version":[{"id":964,"href":"https:\/\/www.travelita.cz\/index.php?rest_route=\/wp\/v2\/posts\/914\/revisions\/964"}],"wp:featuredmedia":[{"embeddable":true,"href":"https:\/\/www.travelita.cz\/index.php?rest_route=\/wp\/v2\/media\/942"}],"wp:attachment":[{"href":"https:\/\/www.travelita.cz\/index.php?rest_route=%2Fwp%2Fv2%2Fmedia&parent=914"}],"wp:term":[{"taxonomy":"category","embeddable":true,"href":"https:\/\/www.travelita.cz\/index.php?rest_route=%2Fwp%2Fv2%2Fcategories&post=914"},{"taxonomy":"post_tag","embeddable":true,"href":"https:\/\/www.travelita.cz\/index.php?rest_route=%2Fwp%2Fv2%2Ftags&post=914"}],"curies":[{"name":"wp","href":"https:\/\/api.w.org\/{rel}","templated":true}]}}