{"id":821,"date":"2025-02-08T12:56:07","date_gmt":"2025-02-08T11:56:07","guid":{"rendered":"https:\/\/www.travelita.cz\/?p=821"},"modified":"2025-02-08T17:53:31","modified_gmt":"2025-02-08T16:53:31","slug":"eurovikend-v-portu-nedele-3-3","status":"publish","type":"post","link":"https:\/\/www.travelita.cz\/?p=821","title":{"rendered":"Eurov\u00edkend v Portu \u2013 ned\u011ble (3\/3)"},"content":{"rendered":"\n<p>Tak jsme se zd\u00e1rn\u011b dostali k t\u0159et\u00edmu d\u00edlu t\u00e9to minis\u00e9rie popisuj\u00edc\u00ed pl\u00e1n aktivit na ned\u011bli. V r\u00e1mci v\u00edkendov\u00fdch v\u00fdlet\u016f v\u011bt\u0161inou napl\u00e1nujeme prvn\u00ed den tak, aby byl co nejv\u00edc nabit\u00fd, ale z\u00e1rove\u0148 po\u010d\u00edt\u00e1me s mo\u017enost\u00ed, \u017ee se n\u00e1m n\u011bkde bude natolik l\u00edbit, \u017ee tam str\u00e1v\u00edme v\u00edce \u010dasu, ne\u017e jsme p\u016fvodn\u011b pl\u00e1novali. Proto pl\u00e1n druh\u00e9ho dne za\u010d\u00edn\u00e1me a\u017e v 10:00 a prvn\u00ed dv\u011b hodiny si nech\u00e1v\u00e1me jako rezervu na n\u00e1v\u0161t\u011bvu n\u011bjak\u00e9ho m\u00edsta, co jsme nestihli p\u0159edchoz\u00ed den.<\/p>\n\n\n\n<p><br><strong>Pl\u00e1n na dopoledne &#8211; Katedr\u00e1la S\u00e9, st\u0159edov\u011bk\u00e9 hradby a mosty <\/strong><\/p>\n\n\n\n<p><strong>Katedr\u00e1la S\u00e9 (Porto Cathedral)<\/strong><\/p>\n\n\n\n<p>Po vy\u0159e\u0161en\u00ed p\u0159\u00edpadn\u00fdch rest\u016f z prvn\u00edho dne se vydejte ke katedr\u00e1le S\u00e9, kter\u00e1 je jednou z nejv\u00fdznamn\u011bj\u0161\u00edch pam\u00e1tek rom\u00e1nsk\u00fdch Porta. Jej\u00ed stavba za\u010dala ve druh\u00e9 polovin\u011b 12. stolet\u00ed a pr\u00e1ce pokra\u010dovaly a\u017e do 16. stolet\u00ed. V 18. stolet\u00ed do\u0161lo k v\u00fdznamn\u00fdm barokn\u00edm p\u0159\u00edstavb\u00e1m a dal\u0161\u00ed zm\u011bny byly provedeny ve 20. stolet\u00ed. Prozkoumejte jej\u00ed n\u00e1dhern\u00fd interi\u00e9r a vnit\u0159n\u00ed n\u00e1dvo\u0159\u00ed, kde najdete zvl\u00e1\u0161tn\u00ed sloup s h\u00e1ky na stran\u00e1ch. Tento sloup nen\u00ed jen dekorativn\u00ed, ale slou\u017eil tak\u00e9 jako \u0161ibenice. <\/p>\n\n\n\n<figure class=\"wp-block-image size-large\"><img loading=\"lazy\" decoding=\"async\" width=\"1024\" height=\"683\" src=\"https:\/\/www.travelita.cz\/wp-content\/uploads\/2025\/02\/DSC01747-1024x683.jpg\" alt=\"\" class=\"wp-image-889\" srcset=\"https:\/\/www.travelita.cz\/wp-content\/uploads\/2025\/02\/DSC01747-1024x683.jpg 1024w, https:\/\/www.travelita.cz\/wp-content\/uploads\/2025\/02\/DSC01747-300x200.jpg 300w, https:\/\/www.travelita.cz\/wp-content\/uploads\/2025\/02\/DSC01747-768x512.jpg 768w, https:\/\/www.travelita.cz\/wp-content\/uploads\/2025\/02\/DSC01747-1536x1024.jpg 1536w, https:\/\/www.travelita.cz\/wp-content\/uploads\/2025\/02\/DSC01747-2048x1365.jpg 2048w, https:\/\/www.travelita.cz\/wp-content\/uploads\/2025\/02\/DSC01747-180x120.jpg 180w, https:\/\/www.travelita.cz\/wp-content\/uploads\/2025\/02\/DSC01747-900x600.jpg 900w, https:\/\/www.travelita.cz\/wp-content\/uploads\/2025\/02\/DSC01747-715x477.jpg 715w\" sizes=\"auto, (max-width: 1024px) 100vw, 1024px\" \/><\/figure>\n\n\n\n<div class=\"wp-block-image-gallery-block-image-gallery-block\"><div class=\"eb-parent-wrapper eb-parent-eb-image-gallery-fx206 \"><div class=\"eb-gallery-img-wrapper eb-image-gallery-fx206 grid overlay-bottom caption-style-0   no-isotope \" data-id=\"eb-image-gallery-fx206\"><a href=\"https:\/\/www.travelita.cz\/wp-content\/uploads\/2025\/02\/DSC01731-scaled.jpg\" rel=\"noopener\" data-fslightbox=\"gallery\" data-type=\"image\" class=\"eb-gallery-img-content eb-filter-img-\"><span class=\"eb-gallery-link-wrapper\"><img decoding=\"async\" class=\"eb-gallery-img\" src=\"https:\/\/www.travelita.cz\/wp-content\/uploads\/2025\/02\/DSC01731-scaled.jpg\" image-index=\"0\" alt=\"\"\/><\/span><\/a><a href=\"https:\/\/www.travelita.cz\/wp-content\/uploads\/2025\/02\/DSC01743-scaled.jpg\" rel=\"noopener\" data-fslightbox=\"gallery\" data-type=\"image\" class=\"eb-gallery-img-content eb-filter-img-\"><span class=\"eb-gallery-link-wrapper\"><img decoding=\"async\" class=\"eb-gallery-img\" src=\"https:\/\/www.travelita.cz\/wp-content\/uploads\/2025\/02\/DSC01743-scaled.jpg\" image-index=\"1\" alt=\"\"\/><\/span><\/a><a href=\"https:\/\/www.travelita.cz\/wp-content\/uploads\/2025\/02\/PICT2117-scaled.jpg\" rel=\"noopener\" data-fslightbox=\"gallery\" data-type=\"image\" class=\"eb-gallery-img-content eb-filter-img-\"><span class=\"eb-gallery-link-wrapper\"><img decoding=\"async\" class=\"eb-gallery-img\" src=\"https:\/\/www.travelita.cz\/wp-content\/uploads\/2025\/02\/PICT2117-scaled.jpg\" image-index=\"2\" alt=\"\"\/><\/span><\/a><\/div><\/div><\/div>\n\n\n\n<p><br><strong>Muralha Fernandina (st\u0159edov\u011bk\u00e9 hradby)<\/strong><\/p>\n\n\n\n<p> Po n\u00e1v\u0161t\u011bv\u011b katedr\u00e1ly pokra\u010dujte k poz\u016fstatk\u016fm st\u0159edov\u011bk\u00fdch hradeb Muralha Fernandina. Tyto zbytky opevn\u011bn\u00ed p\u0159ipom\u00ednaj\u00ed strategick\u00fd v\u00fdznam Porta v minulosti a nab\u00edzej\u00ed p\u011bkn\u00fd v\u00fdhled na m\u011bsto a \u0159eku Douro. Ze\u010f m\u00e1 v\u00fd\u0161ku 9 m a obvod asi 2 600 m, \u010d\u00edm ohrani\u010duje plochu 44,5 hektar\u016f.<\/p>\n\n\n\n<figure class=\"wp-block-image size-full\"><img loading=\"lazy\" decoding=\"async\" width=\"1024\" height=\"511\" src=\"https:\/\/www.travelita.cz\/wp-content\/uploads\/2025\/02\/1024px-Portugal_Porto_Wall_of_Fernandinha_52593903451-1.jpg\" alt=\"\" class=\"wp-image-893\" srcset=\"https:\/\/www.travelita.cz\/wp-content\/uploads\/2025\/02\/1024px-Portugal_Porto_Wall_of_Fernandinha_52593903451-1.jpg 1024w, https:\/\/www.travelita.cz\/wp-content\/uploads\/2025\/02\/1024px-Portugal_Porto_Wall_of_Fernandinha_52593903451-1-300x150.jpg 300w, https:\/\/www.travelita.cz\/wp-content\/uploads\/2025\/02\/1024px-Portugal_Porto_Wall_of_Fernandinha_52593903451-1-768x383.jpg 768w, https:\/\/www.travelita.cz\/wp-content\/uploads\/2025\/02\/1024px-Portugal_Porto_Wall_of_Fernandinha_52593903451-1-200x100.jpg 200w, https:\/\/www.travelita.cz\/wp-content\/uploads\/2025\/02\/1024px-Portugal_Porto_Wall_of_Fernandinha_52593903451-1-900x449.jpg 900w, https:\/\/www.travelita.cz\/wp-content\/uploads\/2025\/02\/1024px-Portugal_Porto_Wall_of_Fernandinha_52593903451-1-715x357.jpg 715w\" sizes=\"auto, (max-width: 1024px) 100vw, 1024px\" \/><\/figure>\n\n\n\n<p class=\"has-small-font-size\">Fotografie je od Lark Ascending, z Wikimedia Commons<\/p>\n\n\n\n<p><strong>Mosty Porta<\/strong><\/p>\n\n\n\n<p> Vydejte se na proch\u00e1zku po mostech Porta, zejm\u00e9na po t\u011bch \u201eeiffelovsk\u00fdch\u201c. Most Maria Pia navrhl Gustave Eiffel a most Dom Lu\u00eds I. postavil jeho student Th\u00e9ophile Seyrig. Oba mosty p\u0159edstavuj\u00ed jedine\u010dn\u00e9 technick\u00e9 a architektonick\u00e9 d\u00edlo. Most Dom Lu\u00eds I. m\u00e1 nav\u00edc dv\u011b \u00farovn\u011b \u2013 horn\u00ed pro metro a p\u011b\u0161\u00ed, doln\u00ed pro auta a dal\u0161\u00ed chodce. Jestli pojedete n\u011bkam metrem, vystupte si na most\u011b a kochejte se&#8230; \ud83d\ude42<\/p>\n\n\n\n<figure class=\"wp-block-image size-large\"><img loading=\"lazy\" decoding=\"async\" width=\"1024\" height=\"683\" src=\"https:\/\/www.travelita.cz\/wp-content\/uploads\/2025\/02\/DSC01619-1024x683.jpg\" alt=\"\" class=\"wp-image-894\" srcset=\"https:\/\/www.travelita.cz\/wp-content\/uploads\/2025\/02\/DSC01619-1024x683.jpg 1024w, https:\/\/www.travelita.cz\/wp-content\/uploads\/2025\/02\/DSC01619-300x200.jpg 300w, https:\/\/www.travelita.cz\/wp-content\/uploads\/2025\/02\/DSC01619-768x512.jpg 768w, https:\/\/www.travelita.cz\/wp-content\/uploads\/2025\/02\/DSC01619-1536x1024.jpg 1536w, https:\/\/www.travelita.cz\/wp-content\/uploads\/2025\/02\/DSC01619-2048x1365.jpg 2048w, https:\/\/www.travelita.cz\/wp-content\/uploads\/2025\/02\/DSC01619-180x120.jpg 180w, https:\/\/www.travelita.cz\/wp-content\/uploads\/2025\/02\/DSC01619-900x600.jpg 900w, https:\/\/www.travelita.cz\/wp-content\/uploads\/2025\/02\/DSC01619-715x477.jpg 715w\" sizes=\"auto, (max-width: 1024px) 100vw, 1024px\" \/><\/figure>\n\n\n\n<p><strong>P\u0159edpoklad str\u00e1ven\u00e9ho \u010dasu:<\/strong><\/p>\n\n\n\n<p>Katedr\u00e1la S\u00e9 \u2013 1 hodina<br>Muralha Fernandina \u2013 30 minut<br>Proch\u00e1zka pod mosty a po mostech \u2013 1 hodina<\/p>\n\n\n\n<p><strong>Pl\u00e1n na odpoledne &#8211; Ribeira, sklepy a pob\u0159e\u017en\u00ed proch\u00e1zka<\/strong><\/p>\n\n\n\n<p><strong>Ribeira<\/strong><\/p>\n\n\n\n<p>Zakon\u010dete dopoledne v Ribei\u0159e, kter\u00e1 je jednou z nejmalebn\u011bj\u0161\u00edch \u010d\u00e1st\u00ed Porta. V horn\u00ed \u010d\u00e1sti Ribeiry &#8211; nejl\u00e9pe cestou z katedr\u00e1ly nebo od Muralhy Fernandina &#8211; nezapome\u0148te nav\u0161t\u00edvit malebn\u00e9 n\u00e1m\u011bst\u00ed Praca do Infante D Henrique, jestli jste ho nenav\u0161t\u00edvili spolu s n\u00e1v\u0161t\u011bvou Pal\u00e1cio da Bolsa p\u0159ede\u0161l\u00fd den. Pokra\u010dujte na doln\u00ed \u010d\u00e1st Ribeiry s centr\u00e1ln\u00edm n\u00e1m\u011bst\u00edm Pra\u00e7a da Ribeira , kter\u00e1 je ide\u00e1ln\u00ed pro posezen\u00ed, vychutn\u00e1n\u00ed n\u00e1poje v n\u011bkter\u00e9m z m\u00edstn\u00edch bar\u016f a relaxaci. N\u00e1m\u011bst\u00ed obklopuj\u00ed pestrobarevn\u00e9 domy p\u0159ipom\u00ednaj\u00edc\u00ed italsk\u00e9 Cinque Terre, kr\u00e1sn\u00e1 moden\u00ed font\u00e1na a socha svat\u00e9ho Jana K\u0159titele od Jo\u00e3a Cutileira, kter\u00e1 vypad\u00e1 jako z Minecraftu. Proch\u00e1zka pod\u00e9l \u0159eky Douro, obdivov\u00e1n\u00ed barevn\u00fdch dom\u016f a pohled na kovov\u00e9 mosty nab\u00edz\u00ed p\u0159\u00edjemnou zm\u011bnu od n\u00e1ro\u010dn\u00fdch proch\u00e1zek kopcovit\u00fdmi ulicemi Porta.<\/p>\n\n\n\n<figure class=\"wp-block-image size-large\"><img loading=\"lazy\" decoding=\"async\" width=\"1024\" height=\"683\" src=\"https:\/\/www.travelita.cz\/wp-content\/uploads\/2025\/02\/DSC01662-1024x683.jpg\" alt=\"\" class=\"wp-image-896\" srcset=\"https:\/\/www.travelita.cz\/wp-content\/uploads\/2025\/02\/DSC01662-1024x683.jpg 1024w, https:\/\/www.travelita.cz\/wp-content\/uploads\/2025\/02\/DSC01662-300x200.jpg 300w, https:\/\/www.travelita.cz\/wp-content\/uploads\/2025\/02\/DSC01662-768x512.jpg 768w, https:\/\/www.travelita.cz\/wp-content\/uploads\/2025\/02\/DSC01662-1536x1024.jpg 1536w, https:\/\/www.travelita.cz\/wp-content\/uploads\/2025\/02\/DSC01662-2048x1365.jpg 2048w, https:\/\/www.travelita.cz\/wp-content\/uploads\/2025\/02\/DSC01662-180x120.jpg 180w, https:\/\/www.travelita.cz\/wp-content\/uploads\/2025\/02\/DSC01662-900x600.jpg 900w, https:\/\/www.travelita.cz\/wp-content\/uploads\/2025\/02\/DSC01662-715x477.jpg 715w\" sizes=\"auto, (max-width: 1024px) 100vw, 1024px\" \/><\/figure>\n\n\n\n<div class=\"wp-block-image-gallery-block-image-gallery-block\"><div class=\"eb-parent-wrapper eb-parent-eb-image-gallery-ojddw \"><div class=\"eb-gallery-img-wrapper eb-image-gallery-ojddw grid overlay-bottom caption-style-0   no-isotope \" data-id=\"eb-image-gallery-ojddw\"><a href=\"https:\/\/www.travelita.cz\/wp-content\/uploads\/2025\/02\/DSC01621-scaled.jpg\" rel=\"noopener\" data-fslightbox=\"gallery\" data-type=\"image\" class=\"eb-gallery-img-content eb-filter-img-\"><span class=\"eb-gallery-link-wrapper\"><img decoding=\"async\" class=\"eb-gallery-img\" src=\"https:\/\/www.travelita.cz\/wp-content\/uploads\/2025\/02\/DSC01621-scaled.jpg\" image-index=\"0\" alt=\"\"\/><\/span><\/a><a href=\"https:\/\/www.travelita.cz\/wp-content\/uploads\/2025\/02\/PICT2085-1-scaled.jpg\" rel=\"noopener\" data-fslightbox=\"gallery\" data-type=\"image\" class=\"eb-gallery-img-content eb-filter-img-\"><span class=\"eb-gallery-link-wrapper\"><img decoding=\"async\" class=\"eb-gallery-img\" src=\"https:\/\/www.travelita.cz\/wp-content\/uploads\/2025\/02\/PICT2085-1-scaled.jpg\" image-index=\"1\" alt=\"\"\/><\/span><\/a><a href=\"https:\/\/www.travelita.cz\/wp-content\/uploads\/2025\/02\/DSC01591-scaled.jpg\" rel=\"noopener\" data-fslightbox=\"gallery\" data-type=\"image\" class=\"eb-gallery-img-content eb-filter-img-\"><span class=\"eb-gallery-link-wrapper\"><img decoding=\"async\" class=\"eb-gallery-img\" src=\"https:\/\/www.travelita.cz\/wp-content\/uploads\/2025\/02\/DSC01591-scaled.jpg\" image-index=\"2\" alt=\"\"\/><\/span><\/a><\/div><\/div><\/div>\n\n\n\n<p><strong>Sandeman Cellars<\/strong><\/p>\n\n\n\n<p>B\u011bhem odpoledne nav\u0161tivte sklepy n\u011bkter\u00e9ho v\u00fdrobce portsk\u00e9ho, kter\u00e9 se nach\u00e1z\u00ed na druh\u00e9 stran\u011b \u0159eky v \u010d\u00e1sti Vila Nova de Gaia. Jestli m\u00e1te n\u011bjak\u00e9ho obl\u00edben\u00e9ho, tak je volba jasn\u00e1, jestli ne, prostudujte si p\u0159edem, kter\u00fd z nich v\u00e1s zaujme. Tyto sklepy jsou ikonick\u00fdm m\u00edstem pro milovn\u00edky portsk\u00e9ho v\u00edna. B\u011bhem prohl\u00eddky se dozv\u00edte o historii tohoto n\u00e1poje, procesu jeho v\u00fdroby a na z\u00e1v\u011br si vychutn\u00e1te ochutn\u00e1vku r\u016fzn\u00fdch druh\u016f portsk\u00e9ho v\u00edna. My jsme si vybrali sklepy Sandeman, velk\u00e9 firmy zn\u00e1m\u00e9 i u n\u00e1s. <\/p>\n\n\n\n<figure class=\"wp-block-image size-large\"><img loading=\"lazy\" decoding=\"async\" width=\"1024\" height=\"683\" src=\"https:\/\/www.travelita.cz\/wp-content\/uploads\/2025\/02\/DSC01692-1024x683.jpg\" alt=\"\" class=\"wp-image-902\" srcset=\"https:\/\/www.travelita.cz\/wp-content\/uploads\/2025\/02\/DSC01692-1024x683.jpg 1024w, https:\/\/www.travelita.cz\/wp-content\/uploads\/2025\/02\/DSC01692-300x200.jpg 300w, https:\/\/www.travelita.cz\/wp-content\/uploads\/2025\/02\/DSC01692-768x512.jpg 768w, https:\/\/www.travelita.cz\/wp-content\/uploads\/2025\/02\/DSC01692-1536x1024.jpg 1536w, https:\/\/www.travelita.cz\/wp-content\/uploads\/2025\/02\/DSC01692-2048x1365.jpg 2048w, https:\/\/www.travelita.cz\/wp-content\/uploads\/2025\/02\/DSC01692-180x120.jpg 180w, https:\/\/www.travelita.cz\/wp-content\/uploads\/2025\/02\/DSC01692-900x600.jpg 900w, https:\/\/www.travelita.cz\/wp-content\/uploads\/2025\/02\/DSC01692-715x477.jpg 715w\" sizes=\"auto, (max-width: 1024px) 100vw, 1024px\" \/><\/figure>\n\n\n\n<div class=\"wp-block-image-gallery-block-image-gallery-block\"><div class=\"eb-parent-wrapper eb-parent-eb-image-gallery-r0bzx \"><div class=\"eb-gallery-img-wrapper eb-image-gallery-r0bzx grid overlay-bottom caption-style-0   no-isotope \" data-id=\"eb-image-gallery-r0bzx\"><a href=\"https:\/\/www.travelita.cz\/wp-content\/uploads\/2025\/02\/DSC01720-scaled.jpg\" rel=\"noopener\" data-fslightbox=\"gallery\" data-type=\"image\" class=\"eb-gallery-img-content eb-filter-img-\"><span class=\"eb-gallery-link-wrapper\"><img decoding=\"async\" class=\"eb-gallery-img\" src=\"https:\/\/www.travelita.cz\/wp-content\/uploads\/2025\/02\/DSC01720-scaled.jpg\" image-index=\"0\" alt=\"\"\/><\/span><\/a><a href=\"https:\/\/www.travelita.cz\/wp-content\/uploads\/2025\/02\/DSC01665-scaled.jpg\" rel=\"noopener\" data-fslightbox=\"gallery\" data-type=\"image\" class=\"eb-gallery-img-content eb-filter-img-\"><span class=\"eb-gallery-link-wrapper\"><img decoding=\"async\" class=\"eb-gallery-img\" src=\"https:\/\/www.travelita.cz\/wp-content\/uploads\/2025\/02\/DSC01665-scaled.jpg\" image-index=\"1\" alt=\"\"\/><\/span><\/a><a href=\"https:\/\/www.travelita.cz\/wp-content\/uploads\/2025\/02\/DSC01714-scaled.jpg\" rel=\"noopener\" data-fslightbox=\"gallery\" data-type=\"image\" class=\"eb-gallery-img-content eb-filter-img-\"><span class=\"eb-gallery-link-wrapper\"><img decoding=\"async\" class=\"eb-gallery-img\" src=\"https:\/\/www.travelita.cz\/wp-content\/uploads\/2025\/02\/DSC01714-scaled.jpg\" image-index=\"2\" alt=\"\"\/><\/span><\/a><\/div><\/div><\/div>\n\n\n\n<p>Vinho do Porto &#8211; Portsk\u00e9 v\u00edno, je fortifikovan\u00e9 v\u00edno z oblasti \u0159eky Douro. Fortifikovan\u00e9 znamen\u00e1, \u017ee v ur\u010dit\u00e9 f\u00e1zi fermentace je tento proces zastaven p\u0159id\u00e1n\u00edm vinn\u00e9ho destil\u00e1tu. Existuj\u00ed t\u0159i z\u00e1kladn\u00ed typy portsk\u00e9ho v\u00edna \u2013 White &#8211; b\u00edl\u00e9, Ryby &#8211; rub\u00ednov\u00e9 a Tawny.<\/p>\n\n\n\n<ul class=\"wp-block-list\">\n<li><strong>Ruby<\/strong> je nejb\u011b\u017en\u011bj\u0161\u00ed a nejlevn\u011bj\u0161\u00ed varianta, vyr\u00e1b\u00ed se z \u010derven\u00fdch hrozn\u016f a obvykle se skladuje v ocelov\u00fdch tanc\u00edch p\u0159ed lahvov\u00e1n\u00edm. Obecn\u011b se s v\u011bkem nem\u011bn\u00ed, proto\u017ee ocelov\u00e9 tanky nep\u0159id\u00e1vaj\u00ed \u017e\u00e1dnou dal\u0161\u00ed chu\u0165.<\/li>\n\n\n\n<li><strong>White<\/strong> se vyr\u00e1b\u00ed z b\u00edl\u00fdch hrozn\u016f a obvykle zraje ve velk\u00fdch d\u0159ev\u011bn\u00fdch sudech. \u010c\u00edm d\u00e9le zraje, t\u00edm tmav\u0161\u00ed se st\u00e1v\u00e1.<\/li>\n\n\n\n<li><strong>Tawny<\/strong> se vyr\u00e1b\u00ed z kvalitn\u011bj\u0161\u00edch \u010derven\u00fdch hrozn\u016f a nech\u00e1v\u00e1 se zr\u00e1t v d\u0159ev\u011bn\u00fdch sudech po dobu 10 a\u017e 40 let. Nejlevn\u011bj\u0161\u00ed tawny portsk\u00e1 v\u00edna ale nejsou zdaleka tak dlouho sta\u0159en\u00e1.<\/li>\n<\/ul>\n\n\n\n<p>Obecn\u011b plat\u00ed, \u017ee jakmile je portsk\u00e9 v\u00edno nalahvov\u00e1no, ji\u017e se p\u0159\u00edli\u0161 nem\u011bn\u00ed. Proto se tawny portsk\u00e1 a ro\u010dn\u00edkov\u00e1 v\u00edna nech\u00e1vaj\u00ed dlouho zr\u00e1t v d\u0159ev\u011bn\u00fdch sudech. Nicm\u00e9n\u011b n\u011bkter\u00e9 v\u00fdjime\u010dn\u00e9 sklizn\u011b se nech\u00e1vaj\u00ed zr\u00e1t v lahv\u00edch, co\u017e vede k velmi pomal\u00e9mu st\u00e1rnut\u00ed.<\/p>\n\n\n\n<p><strong>Sc\u00e9nick\u00e1 pob\u0159e\u017en\u00ed proch\u00e1zka<\/strong><\/p>\n\n\n\n<p>Po n\u00e1vratu na zast\u00e1vku tramvaje Cais das Pedras pokra\u010dujte tramvaj\u00ed \u010d\u00edslo 1 k mostu Ponte da Arr\u00e1bida. Pokud m\u00e1te z\u00e1jem jen o fotografii mostu, nen\u00ed nutn\u00e9 vystupovat. Tramvaj v\u00e1s d\u00e1le zaveze na Passeio Alegre, odkud se m\u016f\u017eete vydat p\u011b\u0161ky pod\u00e9l pob\u0159e\u017e\u00ed. Cestou nav\u0161tivte pevnost S\u00e3o Jo\u00e3o Batista, maj\u00e1k Felgueiras, pl\u00e1\u017e a promen\u00e1du a zakon\u010dete na pl\u00e1\u017ei Praia de Matosinhos. Tato p\u0159\u00edjemn\u00e1 proch\u00e1zka nab\u00edz\u00ed n\u00e1dhern\u00e9 v\u00fdhledy na Atlantsk\u00fd oce\u00e1n.<\/p>\n\n\n\n<figure class=\"wp-block-image size-full\"><img loading=\"lazy\" decoding=\"async\" width=\"1024\" height=\"670\" src=\"https:\/\/www.travelita.cz\/wp-content\/uploads\/2025\/02\/1024px-Felgueiras_Lighthouse_and_Pier_3.jpg\" alt=\"\" class=\"wp-image-906\" srcset=\"https:\/\/www.travelita.cz\/wp-content\/uploads\/2025\/02\/1024px-Felgueiras_Lighthouse_and_Pier_3.jpg 1024w, https:\/\/www.travelita.cz\/wp-content\/uploads\/2025\/02\/1024px-Felgueiras_Lighthouse_and_Pier_3-300x196.jpg 300w, https:\/\/www.travelita.cz\/wp-content\/uploads\/2025\/02\/1024px-Felgueiras_Lighthouse_and_Pier_3-768x503.jpg 768w, https:\/\/www.travelita.cz\/wp-content\/uploads\/2025\/02\/1024px-Felgueiras_Lighthouse_and_Pier_3-183x120.jpg 183w, https:\/\/www.travelita.cz\/wp-content\/uploads\/2025\/02\/1024px-Felgueiras_Lighthouse_and_Pier_3-900x589.jpg 900w, https:\/\/www.travelita.cz\/wp-content\/uploads\/2025\/02\/1024px-Felgueiras_Lighthouse_and_Pier_3-715x468.jpg 715w\" sizes=\"auto, (max-width: 1024px) 100vw, 1024px\" \/><\/figure>\n\n\n\n<p class=\"has-small-font-size\">Autor fotografie &#8211; JotaCartas, CC BY 3.0 <a href=\"https:\/\/creativecommons.org\/licenses\/by\/3.0\">https:\/\/creativecommons.org\/licenses\/by\/3.0<\/a>, z Wikimedia Commons<\/p>\n\n\n\n<p><strong>P\u0159edpoklad str\u00e1ven\u00e9ho \u010dasu<\/strong>:<br>Ribeira \u2013 1 hodina<br>Sklepy \u2013 1 hodina<br>Pob\u0159e\u017en\u00ed proch\u00e1zka \u2013 2\u20133 hodiny<\/p>\n\n\n\n<p><strong>Ve\u010der: Relaxace a ochutn\u00e1vka m\u00edstn\u00edch specialit<\/strong><\/p>\n\n\n\n<p>Do centra Porta se z pl\u00e1\u017ee vra\u0165te autobusem \u010d\u00edslo 500. Po n\u00e1vratu si m\u016f\u017eete dop\u0159\u00e1t dal\u0161\u00ed typickou portugalskou ve\u010de\u0159i a nezapome\u0148te si vychutnat sklenku, \u010di dv\u011b vynikaj\u00edc\u00edho portsk\u00e9ho v\u00edna.<\/p>\n\n\n\n<p><strong>Doporu\u010den\u00ed na dal\u0161\u00ed m\u00edsta v okol\u00ed<\/strong><\/p>\n\n\n\n<p>Pokud m\u00e1te je\u0161t\u011b \u010das, m\u016f\u017eete zv\u00e1\u017eit n\u00e1v\u0161t\u011bvu t\u011bchto m\u00edst:<br><strong>Most Arr\u00e1bida:<\/strong> Monument\u00e1ln\u00ed obloukov\u00fd most spojuj\u00edc\u00ed oba b\u0159ehy \u0159eky Douro. Skv\u011bl\u00e9 v\u00fdhledy na m\u011bsto.<br><strong>Jardim do Morro:<\/strong> Zahrada na ji\u017en\u00ed stran\u011b mostu Dom Lu\u00eds I., ide\u00e1ln\u00ed m\u00edsto na piknik a z\u00e1pad slunce.<br><strong>Tramvajov\u00e9 muzeum (Museu do Carro El\u00e9ctrico):<\/strong> Historick\u00e9 tramvaje a informace o ve\u0159ejn\u00e9 doprav\u011b v Portu.<br><strong>Casa da M\u00fasica:<\/strong> Ikonick\u00e1 modern\u00ed budova koncertn\u00edho s\u00e1lu s mo\u017enost\u00ed prohl\u00eddky interi\u00e9ru.<br><strong>Soares dos Reis National Museum:<\/strong> Muzeum pln\u00e9 portugalsk\u00e9ho um\u011bn\u00ed a socha\u0159stv\u00ed, ide\u00e1ln\u00ed pro milovn\u00edky historie a kultury.<br><\/p>\n\n\n\n<p>U\u017eijte si sv\u016fj v\u00edkend v Portu, douf\u00e1me, \u017ee v\u00e1m tento itiner\u00e1\u0159 pomohl s pl\u00e1nov\u00e1n\u00edm! \ud83d\ude0a<\/p>\n\n\n\n<p>Simona &amp; Peter<\/p>\n","protected":false},"excerpt":{"rendered":"<p>Tak jsme se zd\u00e1rn\u011b dostali k t\u0159et\u00edmu d\u00edlu t\u00e9to minis\u00e9rie popisuj\u00edc\u00ed pl\u00e1n aktivit na ned\u011bli. V r\u00e1mci v\u00edkendov\u00fdch v\u00fdlet\u016f v\u011bt\u0161inou napl\u00e1nujeme prvn\u00ed den tak, aby byl co nejv\u00edc nabit\u00fd, ale z\u00e1rove\u0148 po\u010d\u00edt\u00e1me s mo\u017enost\u00ed, \u017ee se n\u00e1m n\u011bkde bude natolik l\u00edbit, \u017ee tam str\u00e1v\u00edme v\u00edce \u010dasu, ne\u017e jsme p\u016fvodn\u011b pl\u00e1novali. Proto pl\u00e1n druh\u00e9ho&#8230;<\/p>\n","protected":false},"author":1,"featured_media":924,"comment_status":"open","ping_status":"open","sticky":false,"template":"","format":"standard","meta":{"_eb_attr":"","footnotes":""},"categories":[12,17],"tags":[51,50,29],"class_list":["post-821","post","type-post","status-publish","format-standard","has-post-thumbnail","hentry","category-portugalsko","category-zobrazovat","tag-eurovikend-v-porte","tag-porto","tag-portugalsko"],"rttpg_featured_image_url":{"full":["https:\/\/www.travelita.cz\/wp-content\/uploads\/2025\/02\/DSC01686-scaled.jpg",2560,1707,false],"landscape":["https:\/\/www.travelita.cz\/wp-content\/uploads\/2025\/02\/DSC01686-scaled.jpg",2560,1707,false],"portraits":["https:\/\/www.travelita.cz\/wp-content\/uploads\/2025\/02\/DSC01686-scaled.jpg",2560,1707,false],"thumbnail":["https:\/\/www.travelita.cz\/wp-content\/uploads\/2025\/02\/DSC01686-150x150.jpg",150,150,true],"medium":["https:\/\/www.travelita.cz\/wp-content\/uploads\/2025\/02\/DSC01686-300x200.jpg",300,200,true],"large":["https:\/\/www.travelita.cz\/wp-content\/uploads\/2025\/02\/DSC01686-1024x683.jpg",690,460,true],"1536x1536":["https:\/\/www.travelita.cz\/wp-content\/uploads\/2025\/02\/DSC01686-1536x1024.jpg",1536,1024,true],"2048x2048":["https:\/\/www.travelita.cz\/wp-content\/uploads\/2025\/02\/DSC01686-2048x1365.jpg",2048,1365,true],"appetizo-random-thumb":["https:\/\/www.travelita.cz\/wp-content\/uploads\/2025\/02\/DSC01686-450x450.jpg",450,450,true],"appetizo-thumb":["https:\/\/www.travelita.cz\/wp-content\/uploads\/2025\/02\/DSC01686-180x120.jpg",180,120,true],"post-thumbnail":["https:\/\/www.travelita.cz\/wp-content\/uploads\/2025\/02\/DSC01686-150x150.jpg",150,150,true],"appetizo-large-image":["https:\/\/www.travelita.cz\/wp-content\/uploads\/2025\/02\/DSC01686-scaled.jpg",2560,1707,false],"appetizo-medium-image":["https:\/\/www.travelita.cz\/wp-content\/uploads\/2025\/02\/DSC01686-900x600.jpg",900,600,true],"appetizo-small-image":["https:\/\/www.travelita.cz\/wp-content\/uploads\/2025\/02\/DSC01686-715x477.jpg",715,477,true]},"rttpg_author":{"display_name":"Travelito","author_link":"https:\/\/www.travelita.cz\/?author=1"},"rttpg_comment":0,"rttpg_category":"<a href=\"https:\/\/www.travelita.cz\/?cat=12\" rel=\"category\">Portugalsko<\/a> <a href=\"https:\/\/www.travelita.cz\/?cat=17\" rel=\"category\">Zobrazovat<\/a>","rttpg_excerpt":"Tak jsme se zd\u00e1rn\u011b dostali k t\u0159et\u00edmu d\u00edlu t\u00e9to minis\u00e9rie popisuj\u00edc\u00ed pl\u00e1n aktivit na ned\u011bli. V r\u00e1mci v\u00edkendov\u00fdch v\u00fdlet\u016f v\u011bt\u0161inou napl\u00e1nujeme prvn\u00ed den tak, aby byl co nejv\u00edc nabit\u00fd, ale z\u00e1rove\u0148 po\u010d\u00edt\u00e1me s mo\u017enost\u00ed, \u017ee se n\u00e1m n\u011bkde bude natolik l\u00edbit, \u017ee tam str\u00e1v\u00edme v\u00edce \u010dasu, ne\u017e jsme p\u016fvodn\u011b pl\u00e1novali. Proto pl\u00e1n druh\u00e9ho...","_links":{"self":[{"href":"https:\/\/www.travelita.cz\/index.php?rest_route=\/wp\/v2\/posts\/821","targetHints":{"allow":["GET"]}}],"collection":[{"href":"https:\/\/www.travelita.cz\/index.php?rest_route=\/wp\/v2\/posts"}],"about":[{"href":"https:\/\/www.travelita.cz\/index.php?rest_route=\/wp\/v2\/types\/post"}],"author":[{"embeddable":true,"href":"https:\/\/www.travelita.cz\/index.php?rest_route=\/wp\/v2\/users\/1"}],"replies":[{"embeddable":true,"href":"https:\/\/www.travelita.cz\/index.php?rest_route=%2Fwp%2Fv2%2Fcomments&post=821"}],"version-history":[{"count":13,"href":"https:\/\/www.travelita.cz\/index.php?rest_route=\/wp\/v2\/posts\/821\/revisions"}],"predecessor-version":[{"id":932,"href":"https:\/\/www.travelita.cz\/index.php?rest_route=\/wp\/v2\/posts\/821\/revisions\/932"}],"wp:featuredmedia":[{"embeddable":true,"href":"https:\/\/www.travelita.cz\/index.php?rest_route=\/wp\/v2\/media\/924"}],"wp:attachment":[{"href":"https:\/\/www.travelita.cz\/index.php?rest_route=%2Fwp%2Fv2%2Fmedia&parent=821"}],"wp:term":[{"taxonomy":"category","embeddable":true,"href":"https:\/\/www.travelita.cz\/index.php?rest_route=%2Fwp%2Fv2%2Fcategories&post=821"},{"taxonomy":"post_tag","embeddable":true,"href":"https:\/\/www.travelita.cz\/index.php?rest_route=%2Fwp%2Fv2%2Ftags&post=821"}],"curies":[{"name":"wp","href":"https:\/\/api.w.org\/{rel}","templated":true}]}}