{"id":8,"date":"2024-01-10T10:00:05","date_gmt":"2024-01-10T09:00:05","guid":{"rendered":"https:\/\/www.travelita.cz\/?p=8"},"modified":"2024-01-10T15:39:08","modified_gmt":"2024-01-10T14:39:08","slug":"znate-moravske-versailles","status":"publish","type":"post","link":"https:\/\/www.travelita.cz\/?p=8","title":{"rendered":"Zn\u00e1te moravsk\u00e9 Versailles?"},"content":{"rendered":"\n<p>V\u011b\u0159\u00edm, \u017ee v\u011bt\u0161ina lid\u00ed \u017eij\u00edc\u00edch na Vyso\u010din\u011b odpov\u00ed na tuto ot\u00e1zku, \u017ee samoz\u0159ejm\u011b ano. A ur\u010dit\u011b i milovn\u00edci historie a kultury z cel\u00e9 Moravy tuto barokn\u00ed pam\u00e1tku a dominantu m\u011bsta Jarom\u011b\u0159ic nad Rokytnou znaj\u00ed.<\/p>\n\n\n\n<p>J\u00e1 jsem zde byla poprv\u00e9. \u010c\u00e1ste\u010dn\u011b za to m\u016f\u017ee skute\u010dnost, \u017ee jsem se na ji\u017en\u00ed Moravu p\u0159est\u011bhovala t\u011bsn\u011b p\u0159ed za\u010d\u00e1tkem covidov\u00e9 pandemie, kdy byly v\u0161echny pam\u00e1tky uzav\u0159eny a \u010dasem n\u00e1sledovala r\u016fzn\u00e1 opat\u0159en\u00ed, kter\u00e9 v\u00fdlet\u016fm moc nep\u0159\u00e1la. Tak\u017ee pl\u00e1novan\u00e9 i m\u00e9n\u011b nepl\u00e1novan\u00e9 n\u00e1v\u0161t\u011bvy r\u016fzn\u00fdch zaj\u00edmav\u00fdch m\u00edst doh\u00e1n\u00edm pr\u00e1v\u011b toto l\u00e9to.<\/p>\n\n\n\n<p>A mus\u00edm \u0159\u00edct, \u017ee i kdy\u017e jsem p\u0159ed lety nav\u0161t\u00edvila francouzsk\u00e9 Versailles, tak jsem ani t\u00edmto moravsk\u00fdm nebyla rozhodn\u011b zklaman\u00e1. Ano, pochopiteln\u011b nen\u00ed stejn\u011b pomp\u00e9zn\u00ed jako opravdov\u00e9 Versailles, kter\u00e9 vybudoval Ludv\u00edk XIV. a jeho n\u00e1sledovn\u00edci, nicm\u00e9n\u011b je to kulturn\u00ed pam\u00e1tka hodn\u00e1 n\u00e1v\u0161t\u011bvy. A hlavn\u011b to nem\u00e1me tak daleko jako do Francie \ud83d\ude42<\/p>\n\n\n\n<p>U\u017e od parkovi\u0161t\u011b, kter\u00e9 je nedaleko V\u00e1s upout\u00e1 budova z\u00e1mku, kter\u00e1 je postavena v barokn\u00edm stylu. K z\u00e1mku p\u0159il\u00e9h\u00e1 rozs\u00e1hl\u00e1 zahrada francouzsk\u00e9ho stylu, na kterou navazuje rozs\u00e1hl\u00e1 \u010d\u00e1st zahrad, kter\u00e1 u\u017e je ale inspirov\u00e1na stylem anglick\u00fdch zahrad. D\u00edky celkov\u00e9 rozloze 11 ha pat\u0159\u00ed z\u00e1meck\u00fd park k nejv\u011bt\u0161\u00edm park\u016fm na Morav\u011b.<\/p>\n\n\n\n<p>Z\u00e1mek je rekonstruov\u00e1n ve stylu barokn\u00edho s\u00eddla 19. stolet\u00ed. M\u00edstnosti jsou za\u0159\u00edzeny podle jejich b\u00fdval\u00fdch funkc\u00ed a navr\u00e1ceny \u00fa\u010del\u016fm, ke kter\u00fdm d\u0159\u00edve slou\u017eily<\/p>\n\n\n\n<p>Je zde mo\u017en\u00e9 si vybrat prohl\u00eddku ze t\u0159\u00ed variant. 1. okruh s n\u00e1zvem hrab\u011bc\u00ed apartm\u00e1n stoj\u00ed 180 K\u010d a trv\u00e1 45 minut. 2. okruh je v\u011bnov\u00e1n hostinsk\u00fdm pokoj\u016fm a kuchyni a stoj\u00ed 140 K\u010d s d\u00e9lkou trv\u00e1n\u00ed 25 min a posledn\u00ed je v\u011bnov\u00e1n hra\u010dk\u00e1m z p\u016fdy a stoj\u00ed 80 K\u010d s trv\u00e1n\u00edm 20 minut. Na webov\u00fdch str\u00e1nk\u00e1ch N\u00e1rodn\u00edho pam\u00e1tkov\u00e9ho \u00fastavu se p\u00ed\u0161e, \u017ee se jedn\u00e1 o jednu z nejmohutn\u011bj\u0161\u00edch architektur 1. poloviny 18 stolet\u00ed. P\u016fvodn\u011b se zde nach\u00e1zela tvrz, kter\u00e1 byla koncem 16. stol. p\u0159estav\u011bna na renesan\u010dn\u00ed z\u00e1mek, kter\u00fd je dodnes dochov\u00e1n ve zdivu budovy. Cel\u00fd komplex je po ned\u00e1vn\u00e9 rekonstrukci, tak\u017ee i n\u00e1v\u0161t\u011bvn\u00edk\u016fm, kte\u0159\u00ed zde u\u017e byli v minulosti, se sem oplat\u00ed znovu vr\u00e1tit a porovnat, co v\u0161e se zm\u011bnilo.<\/p>\n\n\n\n<p>Nedaleko z\u00e1mku rozhodn\u011b stoj\u00ed za n\u00e1v\u0161t\u011bvu i farn\u00ed kostel sv. Mark\u00e9ty postaven\u00fd se z\u00e1mkem tak\u00e9 v duchu baroka. O tom zase n\u011bco m\u00e1lo v p\u0159\u00ed\u0161t\u00edm blogov\u00e9m \u010dl\u00e1nku.<\/p>\n\n\n\n<p>Aktu\u00e1ln\u00ed zaj\u00edmavost\u00ed tohoto m\u00edsta je i hn\u00edzd\u00edc\u00ed rodina \u010d\u00e1p\u016f na kom\u00edn\u011b lihovaru. Pro m\u011b byl z\u00e1\u017eitek vid\u011bt poprv\u00e9 v \u017eivot\u011b let\u011bt \u010d\u00e1pa. Byl to opravdu impozantn\u00ed pohled. \u010c\u00e1py je mo\u017en\u00e9 sledovat i p\u0159es on-line kameru na tomto odkazu:&nbsp;<a href=\"http:\/\/remote.jaromericenr.cz:84\/capi_hnizdo.html\">http:\/\/remote.jaromericenr.cz:84\/capi_hnizdo.html<\/a><\/p>\n\n\n\n<p>Pro milovn\u00edky piva a filmu Post\u0159i\u017einy dopl\u0148uji, \u017ee asi 15 minut vzd\u00e1len\u00e9 Dale\u0161ice jsou m\u00edstem nat\u00e1\u010den\u00ed zn\u00e1m\u00e9 sc\u00e9ny s Magdou V\u00e1\u0161\u00e1ryovou lezouc\u00ed na kom\u00edn pivovaru. Tak\u017ee i s touto n\u00e1v\u0161t\u011bvou m\u016f\u017eete v\u00fdlet spojit. A ostatn\u00ed u\u017e \u0159eknou fotky:<\/p>\n\n\n\n<figure class=\"wp-block-image size-large\"><img loading=\"lazy\" decoding=\"async\" width=\"1024\" height=\"683\" src=\"https:\/\/www.travelita.cz\/wp-content\/uploads\/2024\/01\/IMG_4862-1024x683.jpg\" alt=\"\" class=\"wp-image-12\" srcset=\"https:\/\/www.travelita.cz\/wp-content\/uploads\/2024\/01\/IMG_4862-1024x683.jpg 1024w, https:\/\/www.travelita.cz\/wp-content\/uploads\/2024\/01\/IMG_4862-300x200.jpg 300w, https:\/\/www.travelita.cz\/wp-content\/uploads\/2024\/01\/IMG_4862-768x512.jpg 768w, https:\/\/www.travelita.cz\/wp-content\/uploads\/2024\/01\/IMG_4862-1536x1024.jpg 1536w, https:\/\/www.travelita.cz\/wp-content\/uploads\/2024\/01\/IMG_4862-2048x1365.jpg 2048w, https:\/\/www.travelita.cz\/wp-content\/uploads\/2024\/01\/IMG_4862-90x60.jpg 90w\" sizes=\"auto, (max-width: 1024px) 100vw, 1024px\" \/><figcaption class=\"wp-element-caption\">Z\u00e1mek Jarom\u011b\u0159ice nad Rokytnou<\/figcaption><\/figure>\n\n\n\n<figure class=\"wp-block-image size-large\"><img loading=\"lazy\" decoding=\"async\" width=\"1024\" height=\"683\" src=\"https:\/\/www.travelita.cz\/wp-content\/uploads\/2024\/01\/IMG_4803-1024x683.jpg\" alt=\"\" class=\"wp-image-13\" srcset=\"https:\/\/www.travelita.cz\/wp-content\/uploads\/2024\/01\/IMG_4803-1024x683.jpg 1024w, https:\/\/www.travelita.cz\/wp-content\/uploads\/2024\/01\/IMG_4803-300x200.jpg 300w, https:\/\/www.travelita.cz\/wp-content\/uploads\/2024\/01\/IMG_4803-768x512.jpg 768w, https:\/\/www.travelita.cz\/wp-content\/uploads\/2024\/01\/IMG_4803-1536x1024.jpg 1536w, https:\/\/www.travelita.cz\/wp-content\/uploads\/2024\/01\/IMG_4803-2048x1365.jpg 2048w, https:\/\/www.travelita.cz\/wp-content\/uploads\/2024\/01\/IMG_4803-90x60.jpg 90w\" sizes=\"auto, (max-width: 1024px) 100vw, 1024px\" \/><figcaption class=\"wp-element-caption\">Z\u00e1mek Jarom\u011b\u0159ice nad Rokytnou<\/figcaption><\/figure>\n\n\n\n<figure class=\"wp-block-image size-large\"><img loading=\"lazy\" decoding=\"async\" width=\"1024\" height=\"683\" src=\"https:\/\/www.travelita.cz\/wp-content\/uploads\/2024\/01\/IMG_4813-1-1024x683.jpg\" alt=\"\" class=\"wp-image-18\" srcset=\"https:\/\/www.travelita.cz\/wp-content\/uploads\/2024\/01\/IMG_4813-1-1024x683.jpg 1024w, https:\/\/www.travelita.cz\/wp-content\/uploads\/2024\/01\/IMG_4813-1-300x200.jpg 300w, https:\/\/www.travelita.cz\/wp-content\/uploads\/2024\/01\/IMG_4813-1-768x512.jpg 768w, https:\/\/www.travelita.cz\/wp-content\/uploads\/2024\/01\/IMG_4813-1-1536x1024.jpg 1536w, https:\/\/www.travelita.cz\/wp-content\/uploads\/2024\/01\/IMG_4813-1-2048x1365.jpg 2048w, https:\/\/www.travelita.cz\/wp-content\/uploads\/2024\/01\/IMG_4813-1-90x60.jpg 90w\" sizes=\"auto, (max-width: 1024px) 100vw, 1024px\" \/><figcaption class=\"wp-element-caption\">Z\u00e1mek Jarom\u011b\u0159ice nad Rokytnou<\/figcaption><\/figure>\n\n\n\n<figure class=\"wp-block-image size-large\"><img loading=\"lazy\" decoding=\"async\" width=\"1024\" height=\"683\" src=\"https:\/\/www.travelita.cz\/wp-content\/uploads\/2024\/01\/IMG_4838-1024x683.jpg\" alt=\"\" class=\"wp-image-22\" srcset=\"https:\/\/www.travelita.cz\/wp-content\/uploads\/2024\/01\/IMG_4838-1024x683.jpg 1024w, https:\/\/www.travelita.cz\/wp-content\/uploads\/2024\/01\/IMG_4838-300x200.jpg 300w, https:\/\/www.travelita.cz\/wp-content\/uploads\/2024\/01\/IMG_4838-768x512.jpg 768w, https:\/\/www.travelita.cz\/wp-content\/uploads\/2024\/01\/IMG_4838-1536x1024.jpg 1536w, https:\/\/www.travelita.cz\/wp-content\/uploads\/2024\/01\/IMG_4838-2048x1365.jpg 2048w, https:\/\/www.travelita.cz\/wp-content\/uploads\/2024\/01\/IMG_4838-90x60.jpg 90w\" sizes=\"auto, (max-width: 1024px) 100vw, 1024px\" \/><figcaption class=\"wp-element-caption\">Zahradn\u00ed park<\/figcaption><\/figure>\n\n\n\n<figure class=\"wp-block-image size-large\"><img loading=\"lazy\" decoding=\"async\" width=\"1024\" height=\"683\" src=\"https:\/\/www.travelita.cz\/wp-content\/uploads\/2024\/01\/IMG_4815-1-1024x683.jpg\" alt=\"\" class=\"wp-image-21\" srcset=\"https:\/\/www.travelita.cz\/wp-content\/uploads\/2024\/01\/IMG_4815-1-1024x683.jpg 1024w, https:\/\/www.travelita.cz\/wp-content\/uploads\/2024\/01\/IMG_4815-1-300x200.jpg 300w, https:\/\/www.travelita.cz\/wp-content\/uploads\/2024\/01\/IMG_4815-1-768x512.jpg 768w, https:\/\/www.travelita.cz\/wp-content\/uploads\/2024\/01\/IMG_4815-1-1536x1024.jpg 1536w, https:\/\/www.travelita.cz\/wp-content\/uploads\/2024\/01\/IMG_4815-1-2048x1365.jpg 2048w, https:\/\/www.travelita.cz\/wp-content\/uploads\/2024\/01\/IMG_4815-1-90x60.jpg 90w\" sizes=\"auto, (max-width: 1024px) 100vw, 1024px\" \/><figcaption class=\"wp-element-caption\">Budova v zahradn\u00edm parku<\/figcaption><\/figure>\n\n\n\n<figure class=\"wp-block-image size-large\"><img loading=\"lazy\" decoding=\"async\" width=\"1024\" height=\"683\" src=\"https:\/\/www.travelita.cz\/wp-content\/uploads\/2024\/01\/IMG_4859-1024x683.jpg\" alt=\"\" class=\"wp-image-17\" srcset=\"https:\/\/www.travelita.cz\/wp-content\/uploads\/2024\/01\/IMG_4859-1024x683.jpg 1024w, https:\/\/www.travelita.cz\/wp-content\/uploads\/2024\/01\/IMG_4859-300x200.jpg 300w, https:\/\/www.travelita.cz\/wp-content\/uploads\/2024\/01\/IMG_4859-768x512.jpg 768w, https:\/\/www.travelita.cz\/wp-content\/uploads\/2024\/01\/IMG_4859-1536x1024.jpg 1536w, https:\/\/www.travelita.cz\/wp-content\/uploads\/2024\/01\/IMG_4859-2048x1365.jpg 2048w, https:\/\/www.travelita.cz\/wp-content\/uploads\/2024\/01\/IMG_4859-90x60.jpg 90w\" sizes=\"auto, (max-width: 1024px) 100vw, 1024px\" \/><\/figure>\n","protected":false},"excerpt":{"rendered":"<p>V\u011b\u0159\u00edm, \u017ee v\u011bt\u0161ina lid\u00ed \u017eij\u00edc\u00edch na Vyso\u010din\u011b odpov\u00ed na tuto ot\u00e1zku, \u017ee samoz\u0159ejm\u011b ano. A ur\u010dit\u011b i milovn\u00edci historie a kultury z cel\u00e9 Moravy tuto barokn\u00ed pam\u00e1tku a dominantu m\u011bsta Jarom\u011b\u0159ic nad Rokytnou znaj\u00ed.<\/p>\n","protected":false},"author":2,"featured_media":10,"comment_status":"open","ping_status":"open","sticky":false,"template":"","format":"standard","meta":{"_eb_attr":"","footnotes":""},"categories":[9,17],"tags":[6,3,5,4],"class_list":["post-8","post","type-post","status-publish","format-standard","has-post-thumbnail","hentry","category-ceska-republika","category-zobrazovat","tag-historicke-pamatky-v-cr","tag-jaromerice-nad-oslavou","tag-morava","tag-moravske-versailles"],"rttpg_featured_image_url":{"full":["https:\/\/www.travelita.cz\/wp-content\/uploads\/2024\/01\/IMG_4858-scaled.jpg",2560,1707,false],"landscape":["https:\/\/www.travelita.cz\/wp-content\/uploads\/2024\/01\/IMG_4858-scaled.jpg",2560,1707,false],"portraits":["https:\/\/www.travelita.cz\/wp-content\/uploads\/2024\/01\/IMG_4858-scaled.jpg",2560,1707,false],"thumbnail":["https:\/\/www.travelita.cz\/wp-content\/uploads\/2024\/01\/IMG_4858-150x150.jpg",150,150,true],"medium":["https:\/\/www.travelita.cz\/wp-content\/uploads\/2024\/01\/IMG_4858-300x200.jpg",300,200,true],"large":["https:\/\/www.travelita.cz\/wp-content\/uploads\/2024\/01\/IMG_4858-1024x683.jpg",690,460,true],"1536x1536":["https:\/\/www.travelita.cz\/wp-content\/uploads\/2024\/01\/IMG_4858-1536x1024.jpg",1536,1024,true],"2048x2048":["https:\/\/www.travelita.cz\/wp-content\/uploads\/2024\/01\/IMG_4858-2048x1365.jpg",2048,1365,true],"appetizo-random-thumb":["https:\/\/www.travelita.cz\/wp-content\/uploads\/2024\/01\/IMG_4858-scaled.jpg",450,300,false],"appetizo-thumb":["https:\/\/www.travelita.cz\/wp-content\/uploads\/2024\/01\/IMG_4858-scaled.jpg",180,120,false],"post-thumbnail":["https:\/\/www.travelita.cz\/wp-content\/uploads\/2024\/01\/IMG_4858-scaled.jpg",150,100,false],"appetizo-large-image":["https:\/\/www.travelita.cz\/wp-content\/uploads\/2024\/01\/IMG_4858-scaled.jpg",2560,1707,false],"appetizo-medium-image":["https:\/\/www.travelita.cz\/wp-content\/uploads\/2024\/01\/IMG_4858-scaled.jpg",900,600,false],"appetizo-small-image":["https:\/\/www.travelita.cz\/wp-content\/uploads\/2024\/01\/IMG_4858-scaled.jpg",715,477,false]},"rttpg_author":{"display_name":"Simona Procklov\u00e1","author_link":"https:\/\/www.travelita.cz\/?author=2"},"rttpg_comment":0,"rttpg_category":"<a href=\"https:\/\/www.travelita.cz\/?cat=9\" rel=\"category\">\u010cesk\u00e1 republika<\/a> <a href=\"https:\/\/www.travelita.cz\/?cat=17\" rel=\"category\">Zobrazovat<\/a>","rttpg_excerpt":"V\u011b\u0159\u00edm, \u017ee v\u011bt\u0161ina lid\u00ed \u017eij\u00edc\u00edch na Vyso\u010din\u011b odpov\u00ed na tuto ot\u00e1zku, \u017ee samoz\u0159ejm\u011b ano. A ur\u010dit\u011b i milovn\u00edci historie a kultury z cel\u00e9 Moravy tuto barokn\u00ed pam\u00e1tku a dominantu m\u011bsta Jarom\u011b\u0159ic nad Rokytnou znaj\u00ed.","_links":{"self":[{"href":"https:\/\/www.travelita.cz\/index.php?rest_route=\/wp\/v2\/posts\/8","targetHints":{"allow":["GET"]}}],"collection":[{"href":"https:\/\/www.travelita.cz\/index.php?rest_route=\/wp\/v2\/posts"}],"about":[{"href":"https:\/\/www.travelita.cz\/index.php?rest_route=\/wp\/v2\/types\/post"}],"author":[{"embeddable":true,"href":"https:\/\/www.travelita.cz\/index.php?rest_route=\/wp\/v2\/users\/2"}],"replies":[{"embeddable":true,"href":"https:\/\/www.travelita.cz\/index.php?rest_route=%2Fwp%2Fv2%2Fcomments&post=8"}],"version-history":[{"count":4,"href":"https:\/\/www.travelita.cz\/index.php?rest_route=\/wp\/v2\/posts\/8\/revisions"}],"predecessor-version":[{"id":76,"href":"https:\/\/www.travelita.cz\/index.php?rest_route=\/wp\/v2\/posts\/8\/revisions\/76"}],"wp:featuredmedia":[{"embeddable":true,"href":"https:\/\/www.travelita.cz\/index.php?rest_route=\/wp\/v2\/media\/10"}],"wp:attachment":[{"href":"https:\/\/www.travelita.cz\/index.php?rest_route=%2Fwp%2Fv2%2Fmedia&parent=8"}],"wp:term":[{"taxonomy":"category","embeddable":true,"href":"https:\/\/www.travelita.cz\/index.php?rest_route=%2Fwp%2Fv2%2Fcategories&post=8"},{"taxonomy":"post_tag","embeddable":true,"href":"https:\/\/www.travelita.cz\/index.php?rest_route=%2Fwp%2Fv2%2Ftags&post=8"}],"curies":[{"name":"wp","href":"https:\/\/api.w.org\/{rel}","templated":true}]}}