{"id":739,"date":"2025-01-28T13:35:48","date_gmt":"2025-01-28T12:35:48","guid":{"rendered":"https:\/\/www.travelita.cz\/?p=739"},"modified":"2025-02-20T09:55:05","modified_gmt":"2025-02-20T08:55:05","slug":"eurovikend-v-portu-sobota-2-3","status":"publish","type":"post","link":"https:\/\/www.travelita.cz\/?p=739","title":{"rendered":"Eurov\u00edkend v Portu &#8211; sobota (2\/3)"},"content":{"rendered":"\n<p>Prvn\u00ed den eurov\u00edkendu je v\u017edy ide\u00e1ln\u00ed na po\u0159\u00e1dn\u011b nabit\u00fd program, proto\u017ee jsme je\u0161t\u011b pln\u00ed energie a nad\u0161en\u00ed. Doporu\u010dujeme proto tento den vyu\u017e\u00edt naplno a nav\u0161t\u00edvit v\u011bt\u0161\u00ed po\u010det zaj\u00edmav\u00fdch m\u00edst. Jestli je r\u00e1no mlhavo &#8211; a to na ja\u0159e a na podzim b\u00fdv\u00e1 &#8211; za\u0159i\u010fte se podle toho &#8211; p\u0159eskupte itiner\u00e1\u0159 tak, aby jste za\u010dali interi\u00e9rov\u00fdmi pam\u00e1tkami, a a\u017e kolem 10 &#8211; 11 dopoledne, kdy se v\u011bt\u0161inou mlha rozplyne, pokra\u010dujte exteri\u00e9ry. Nebo d\u011blejte mysteri\u00f3zn\u00ed fotky s mlhou &#8211; n\u00e1m se fotky radnice s vrchn\u00ed \u010d\u00e1st\u00ed v\u011b\u017ee v mlze l\u00edbili&#8230; \ud83d\ude42<\/p>\n\n\n\n<p><strong>R\u00e1no: Azulejos a historick\u00e1 n\u00e1m\u011bst\u00ed<\/strong><\/p>\n\n\n\n<p><strong>Capela das Almas (Kaple du\u0161\u00ed)<\/strong><\/p>\n\n\n\n<p>Za\u010dn\u011bte den n\u00e1v\u0161t\u011bvou t\u00e9to n\u00e1dhern\u00e9 kaple, kter\u00e1 je jedn\u00edm z nejlep\u0161\u00edch p\u0159\u00edklad\u016f tradi\u010dn\u00edch azulejos. Celou jej\u00ed fas\u00e1du pokr\u00fdvaj\u00ed modrob\u00edl\u00e9 kachle, zobrazuj\u00edc\u00ed v\u00fdjevy ze \u017eivota svat\u00fdch. Interi\u00e9r je prost\u00fd, co\u017e zv\u00fdraz\u0148uje kontrast s bohat\u011b zdobenou fas\u00e1dou. Kaple se nach\u00e1z\u00ed v ru\u0161n\u00e9 \u010d\u00e1sti m\u011bsta, tak\u017ee ji snadno objev\u00edte p\u0159i proch\u00e1zce.<\/p>\n\n\n\n<figure class=\"wp-block-image size-large\"><img loading=\"lazy\" decoding=\"async\" width=\"1024\" height=\"681\" src=\"https:\/\/www.travelita.cz\/wp-content\/uploads\/2025\/01\/PICT1877-1024x681.jpg\" alt=\"\" class=\"wp-image-747\" srcset=\"https:\/\/www.travelita.cz\/wp-content\/uploads\/2025\/01\/PICT1877-1024x681.jpg 1024w, https:\/\/www.travelita.cz\/wp-content\/uploads\/2025\/01\/PICT1877-300x199.jpg 300w, https:\/\/www.travelita.cz\/wp-content\/uploads\/2025\/01\/PICT1877-768x511.jpg 768w, https:\/\/www.travelita.cz\/wp-content\/uploads\/2025\/01\/PICT1877-1536x1021.jpg 1536w, https:\/\/www.travelita.cz\/wp-content\/uploads\/2025\/01\/PICT1877-2048x1362.jpg 2048w, https:\/\/www.travelita.cz\/wp-content\/uploads\/2025\/01\/PICT1877-180x120.jpg 180w, https:\/\/www.travelita.cz\/wp-content\/uploads\/2025\/01\/PICT1877-900x598.jpg 900w, https:\/\/www.travelita.cz\/wp-content\/uploads\/2025\/01\/PICT1877-715x475.jpg 715w\" sizes=\"auto, (max-width: 1024px) 100vw, 1024px\" \/><\/figure>\n\n\n\n<div class=\"wp-block-image-gallery-block-image-gallery-block\"><div class=\"eb-parent-wrapper eb-parent-eb-image-gallery-e7bxq \"><div class=\"eb-gallery-img-wrapper eb-image-gallery-e7bxq grid overlay-bottom caption-style-0   no-isotope \" data-id=\"eb-image-gallery-e7bxq\"><a href=\"https:\/\/www.travelita.cz\/wp-content\/uploads\/2025\/01\/PICT1878-scaled.jpg\" rel=\"noopener\" data-fslightbox=\"gallery\" data-type=\"image\" class=\"eb-gallery-img-content eb-filter-img-\"><span class=\"eb-gallery-link-wrapper\"><img decoding=\"async\" class=\"eb-gallery-img\" src=\"https:\/\/www.travelita.cz\/wp-content\/uploads\/2025\/01\/PICT1878-scaled.jpg\" image-index=\"0\" alt=\"\"\/><\/span><\/a><a href=\"https:\/\/www.travelita.cz\/wp-content\/uploads\/2025\/01\/PICT1876-scaled.jpg\" rel=\"noopener\" data-fslightbox=\"gallery\" data-type=\"image\" class=\"eb-gallery-img-content eb-filter-img-\"><span class=\"eb-gallery-link-wrapper\"><img decoding=\"async\" class=\"eb-gallery-img\" src=\"https:\/\/www.travelita.cz\/wp-content\/uploads\/2025\/01\/PICT1876-scaled.jpg\" image-index=\"1\" alt=\"\"\/><\/span><\/a><a href=\"https:\/\/www.travelita.cz\/wp-content\/uploads\/2025\/01\/PICT1874-scaled.jpg\" rel=\"noopener\" data-fslightbox=\"gallery\" data-type=\"image\" class=\"eb-gallery-img-content eb-filter-img-\"><span class=\"eb-gallery-link-wrapper\"><img decoding=\"async\" class=\"eb-gallery-img\" src=\"https:\/\/www.travelita.cz\/wp-content\/uploads\/2025\/01\/PICT1874-scaled.jpg\" image-index=\"2\" alt=\"\"\/><\/span><\/a><\/div><\/div><\/div>\n\n\n\n<p><\/p>\n\n\n\n<p><strong>Praca da Liberdade<\/strong><\/p>\n\n\n\n<p> Pokra\u010dujte z\u00e1padn\u00edm sm\u011brem na toto hlavn\u00ed n\u00e1m\u011bst\u00ed Porta, kde se setk\u00e1v\u00e1 modern\u00ed ruch s historick\u00fdm p\u016fvabem. Dominantou je socha kr\u00e1le Petra IV. ve spodn\u00ed \u010d\u00e1sti n\u00e1m\u011bst\u00ed a majest\u00e1tn\u00ed radnice (C\u00e2mara Municipal) na severu. Okol\u00ed n\u00e1m\u011bst\u00ed je pln\u00e9 kav\u00e1ren a obchod\u016f, co\u017e ho \u010din\u00ed ide\u00e1ln\u00edm m\u00edstem na kr\u00e1tk\u00fd odpo\u010dinek. Byli jsme p\u0159ekvapeni, jak moc n\u00e1m tohle n\u00e1m\u011bst\u00ed p\u0159ipom\u00ednalo pra\u017esk\u00fd V\u00e1clav\u00e1k. <\/p>\n\n\n\n<figure class=\"wp-block-image size-full\"><img loading=\"lazy\" decoding=\"async\" width=\"2560\" height=\"1702\" src=\"https:\/\/www.travelita.cz\/wp-content\/uploads\/2025\/01\/PICT1902-scaled.jpg\" alt=\"\" class=\"wp-image-778\" srcset=\"https:\/\/www.travelita.cz\/wp-content\/uploads\/2025\/01\/PICT1902-scaled.jpg 2560w, https:\/\/www.travelita.cz\/wp-content\/uploads\/2025\/01\/PICT1902-300x199.jpg 300w, https:\/\/www.travelita.cz\/wp-content\/uploads\/2025\/01\/PICT1902-1024x681.jpg 1024w, https:\/\/www.travelita.cz\/wp-content\/uploads\/2025\/01\/PICT1902-768x511.jpg 768w, https:\/\/www.travelita.cz\/wp-content\/uploads\/2025\/01\/PICT1902-1536x1021.jpg 1536w, https:\/\/www.travelita.cz\/wp-content\/uploads\/2025\/01\/PICT1902-2048x1362.jpg 2048w, https:\/\/www.travelita.cz\/wp-content\/uploads\/2025\/01\/PICT1902-180x120.jpg 180w, https:\/\/www.travelita.cz\/wp-content\/uploads\/2025\/01\/PICT1902-900x598.jpg 900w, https:\/\/www.travelita.cz\/wp-content\/uploads\/2025\/01\/PICT1902-715x475.jpg 715w\" sizes=\"auto, (max-width: 2560px) 100vw, 2560px\" \/><figcaption class=\"wp-element-caption\">Praca da Liberdade &#8211; Portsk\u00fd V\u00e1clav\u00e1k&#8230;:) <\/figcaption><\/figure>\n\n\n\n<div class=\"wp-block-image-gallery-block-image-gallery-block\"><div class=\"eb-parent-wrapper eb-parent-eb-image-gallery-ouzr8 \"><div class=\"eb-gallery-img-wrapper eb-image-gallery-ouzr8 grid overlay-bottom caption-style-0   no-isotope \" data-id=\"eb-image-gallery-ouzr8\"><a href=\"https:\/\/www.travelita.cz\/wp-content\/uploads\/2025\/01\/DSC01539-scaled.jpg\" rel=\"noopener\" data-fslightbox=\"gallery\" data-type=\"image\" class=\"eb-gallery-img-content eb-filter-img-\"><span class=\"eb-gallery-link-wrapper\"><img decoding=\"async\" class=\"eb-gallery-img\" src=\"https:\/\/www.travelita.cz\/wp-content\/uploads\/2025\/01\/DSC01539-scaled.jpg\" image-index=\"0\" alt=\"\"\/><\/span><\/a><a href=\"https:\/\/www.travelita.cz\/wp-content\/uploads\/2025\/01\/PICT1880-scaled.jpg\" rel=\"noopener\" data-fslightbox=\"gallery\" data-type=\"image\" class=\"eb-gallery-img-content eb-filter-img-\"><span class=\"eb-gallery-link-wrapper\"><img decoding=\"async\" class=\"eb-gallery-img\" src=\"https:\/\/www.travelita.cz\/wp-content\/uploads\/2025\/01\/PICT1880-scaled.jpg\" image-index=\"1\" alt=\"\"\/><\/span><\/a><a href=\"https:\/\/www.travelita.cz\/wp-content\/uploads\/2025\/01\/PICT1899-scaled.jpg\" rel=\"noopener\" data-fslightbox=\"gallery\" data-type=\"image\" class=\"eb-gallery-img-content eb-filter-img-\"><span class=\"eb-gallery-link-wrapper\"><img decoding=\"async\" class=\"eb-gallery-img\" src=\"https:\/\/www.travelita.cz\/wp-content\/uploads\/2025\/01\/PICT1899-scaled.jpg\" image-index=\"2\" alt=\"\"\/><\/span><\/a><\/div><\/div><\/div>\n\n\n\n<p><\/p>\n\n\n\n<p><strong>Igreja da Santissima Trindade (Kostel Nejsv\u011bt\u011bj\u0161\u00ed Trojice)<\/strong><\/p>\n\n\n\n<p> Tento kostel pobl\u00ed\u017e radnice v\u00e1s zaujme sv\u00fdm \u00fatuln\u00fdm interi\u00e9rem s jemn\u00fdm osv\u011btlen\u00edm a klidnou atmosf\u00e9rou. Jeho jednoduch\u00fd, ale elegantn\u00ed design v\u00e1s p\u0159enese do klidn\u00e9ho duchovn\u00edho prostoru. Kostel je obl\u00edben\u00fd jak mezi m\u00edstn\u00edmi, tak mezi turisty hledaj\u00edc\u00edmi tich\u00e9 \u00fato\u010di\u0161t\u011b. Jak je vid\u011bt na fotce, je\u0161t\u011b jsme m\u011bli mlhu, ale kostel je velmi zaj\u00edmav\u00fd pr\u00e1v\u011b zevnit\u0159&#8230;<\/p>\n\n\n\n<figure class=\"wp-block-image size-large\"><img loading=\"lazy\" decoding=\"async\" width=\"1024\" height=\"681\" src=\"https:\/\/www.travelita.cz\/wp-content\/uploads\/2025\/01\/PICT1882-1024x681.jpg\" alt=\"\" class=\"wp-image-782\" srcset=\"https:\/\/www.travelita.cz\/wp-content\/uploads\/2025\/01\/PICT1882-1024x681.jpg 1024w, https:\/\/www.travelita.cz\/wp-content\/uploads\/2025\/01\/PICT1882-300x199.jpg 300w, https:\/\/www.travelita.cz\/wp-content\/uploads\/2025\/01\/PICT1882-768x511.jpg 768w, https:\/\/www.travelita.cz\/wp-content\/uploads\/2025\/01\/PICT1882-1536x1021.jpg 1536w, https:\/\/www.travelita.cz\/wp-content\/uploads\/2025\/01\/PICT1882-2048x1362.jpg 2048w, https:\/\/www.travelita.cz\/wp-content\/uploads\/2025\/01\/PICT1882-180x120.jpg 180w, https:\/\/www.travelita.cz\/wp-content\/uploads\/2025\/01\/PICT1882-900x598.jpg 900w, https:\/\/www.travelita.cz\/wp-content\/uploads\/2025\/01\/PICT1882-715x475.jpg 715w\" sizes=\"auto, (max-width: 1024px) 100vw, 1024px\" \/><\/figure>\n\n\n\n<div class=\"wp-block-image-gallery-block-image-gallery-block\"><div class=\"eb-parent-wrapper eb-parent-eb-image-gallery-yr201 \"><div class=\"eb-gallery-img-wrapper eb-image-gallery-yr201 grid overlay-bottom caption-style-0   no-isotope \" data-id=\"eb-image-gallery-yr201\"><a href=\"https:\/\/www.travelita.cz\/wp-content\/uploads\/2025\/01\/DSC01534-scaled.jpg\" rel=\"noopener\" data-fslightbox=\"gallery\" data-type=\"image\" class=\"eb-gallery-img-content eb-filter-img-\"><span class=\"eb-gallery-link-wrapper\"><img decoding=\"async\" class=\"eb-gallery-img\" src=\"https:\/\/www.travelita.cz\/wp-content\/uploads\/2025\/01\/DSC01534-scaled.jpg\" image-index=\"0\" alt=\"\"\/><\/span><\/a><a href=\"https:\/\/www.travelita.cz\/wp-content\/uploads\/2025\/01\/DSC01536-scaled.jpg\" rel=\"noopener\" data-fslightbox=\"gallery\" data-type=\"image\" class=\"eb-gallery-img-content eb-filter-img-\"><span class=\"eb-gallery-link-wrapper\"><img decoding=\"async\" class=\"eb-gallery-img\" src=\"https:\/\/www.travelita.cz\/wp-content\/uploads\/2025\/01\/DSC01536-scaled.jpg\" image-index=\"1\" alt=\"\"\/><\/span><\/a><a href=\"https:\/\/www.travelita.cz\/wp-content\/uploads\/2025\/01\/DSC01537-scaled.jpg\" rel=\"noopener\" data-fslightbox=\"gallery\" data-type=\"image\" class=\"eb-gallery-img-content eb-filter-img-\"><span class=\"eb-gallery-link-wrapper\"><img decoding=\"async\" class=\"eb-gallery-img\" src=\"https:\/\/www.travelita.cz\/wp-content\/uploads\/2025\/01\/DSC01537-scaled.jpg\" image-index=\"2\" alt=\"\"\/><\/span><\/a><\/div><\/div><\/div>\n\n\n\n<p><strong><br>N\u00e1dra\u017e\u00ed S\u00e3o Bento<\/strong><\/p>\n\n\n\n<p>P\u00e1r krok\u016f od n\u00e1m\u011bst\u00ed najdete jedno z nejslavn\u011bj\u0161\u00edch n\u00e1dra\u017e\u00ed v Portugalsku. Jeho vstupn\u00ed hala je vyzdobena v\u00edce ne\u017e 20 000 ru\u010dn\u011b malovan\u00fdmi azulejos, kter\u00e9 vypr\u00e1v\u011bj\u00ed p\u0159\u00edb\u011bhy z portugalsk\u00e9 historie. Krom\u011b kulturn\u00edho z\u00e1\u017eitku nab\u00edz\u00ed n\u00e1dra\u017e\u00ed i praktick\u00fd p\u0159\u00edstup k dal\u0161\u00edm \u010d\u00e1stem m\u011bsta.<\/p>\n\n\n\n<figure class=\"wp-block-image size-large\"><img loading=\"lazy\" decoding=\"async\" width=\"1024\" height=\"661\" src=\"https:\/\/www.travelita.cz\/wp-content\/uploads\/2025\/01\/2048px-Estacion_de_tren_Sao_Bento_Oporto_Portugal_2019-06-02_DD_05-1024x661.jpg\" alt=\"\" class=\"wp-image-792\" srcset=\"https:\/\/www.travelita.cz\/wp-content\/uploads\/2025\/01\/2048px-Estacion_de_tren_Sao_Bento_Oporto_Portugal_2019-06-02_DD_05-1024x661.jpg 1024w, https:\/\/www.travelita.cz\/wp-content\/uploads\/2025\/01\/2048px-Estacion_de_tren_Sao_Bento_Oporto_Portugal_2019-06-02_DD_05-300x194.jpg 300w, https:\/\/www.travelita.cz\/wp-content\/uploads\/2025\/01\/2048px-Estacion_de_tren_Sao_Bento_Oporto_Portugal_2019-06-02_DD_05-768x496.jpg 768w, https:\/\/www.travelita.cz\/wp-content\/uploads\/2025\/01\/2048px-Estacion_de_tren_Sao_Bento_Oporto_Portugal_2019-06-02_DD_05-1536x992.jpg 1536w, https:\/\/www.travelita.cz\/wp-content\/uploads\/2025\/01\/2048px-Estacion_de_tren_Sao_Bento_Oporto_Portugal_2019-06-02_DD_05-186x120.jpg 186w, https:\/\/www.travelita.cz\/wp-content\/uploads\/2025\/01\/2048px-Estacion_de_tren_Sao_Bento_Oporto_Portugal_2019-06-02_DD_05-900x581.jpg 900w, https:\/\/www.travelita.cz\/wp-content\/uploads\/2025\/01\/2048px-Estacion_de_tren_Sao_Bento_Oporto_Portugal_2019-06-02_DD_05-715x462.jpg 715w, https:\/\/www.travelita.cz\/wp-content\/uploads\/2025\/01\/2048px-Estacion_de_tren_Sao_Bento_Oporto_Portugal_2019-06-02_DD_05.jpg 2048w\" sizes=\"auto, (max-width: 1024px) 100vw, 1024px\" \/><\/figure>\n\n\n\n<p class=\"has-small-font-size\"><br>Bohu\u017eel jsme n\u00e1dra\u017e\u00ed nenav\u0161t\u00edvili osobn\u011b, a tak pro ilustraci p\u0159id\u00e1v\u00e1me obr\u00e1zek z wikimedie (&#8222;<em><strong>Diego Delso,&nbsp;<a href=\"http:\/\/delso.photo\/\">delso.photo<\/a>, License&nbsp;<a href=\"https:\/\/creativecommons.org\/licenses\/by-sa\/4.0\/legalcode\">CC BY-SA<\/a><\/strong><\/em>&#8222;)<\/p>\n\n\n<div class=\"wp-block-image\">\n<figure class=\"alignleft size-large is-resized\"><img loading=\"lazy\" decoding=\"async\" width=\"917\" height=\"1024\" src=\"https:\/\/www.travelita.cz\/wp-content\/uploads\/2025\/01\/ildefonso-917x1024.png\" alt=\"\" class=\"wp-image-800\" style=\"width:410px;height:auto\" srcset=\"https:\/\/www.travelita.cz\/wp-content\/uploads\/2025\/01\/ildefonso-917x1024.png 917w, https:\/\/www.travelita.cz\/wp-content\/uploads\/2025\/01\/ildefonso-269x300.png 269w, https:\/\/www.travelita.cz\/wp-content\/uploads\/2025\/01\/ildefonso-768x858.png 768w, https:\/\/www.travelita.cz\/wp-content\/uploads\/2025\/01\/ildefonso-1375x1536.png 1375w, https:\/\/www.travelita.cz\/wp-content\/uploads\/2025\/01\/ildefonso-1833x2048.png 1833w, https:\/\/www.travelita.cz\/wp-content\/uploads\/2025\/01\/ildefonso-107x120.png 107w, https:\/\/www.travelita.cz\/wp-content\/uploads\/2025\/01\/ildefonso-537x600.png 537w, https:\/\/www.travelita.cz\/wp-content\/uploads\/2025\/01\/ildefonso-448x500.png 448w, https:\/\/www.travelita.cz\/wp-content\/uploads\/2025\/01\/ildefonso.png 2000w\" sizes=\"auto, (max-width: 917px) 100vw, 917px\" \/><\/figure>\n<\/div>\n\n\n<p><br><strong>Praca da Batalha a kostel S\u00e3o Ildefonso<\/strong><\/p>\n\n\n\n<p> Projd\u011bte se d\u00e1le na v\u00fdchod na malebn\u00e9 n\u00e1m\u011bst\u00ed s barokn\u00edm kostelem S\u00e3o Ildefonso, jeho\u017e fas\u00e1da je op\u011bt ozdobena typick\u00fdmi azulejos. Kostel se ty\u010d\u00ed na vrcholku schodi\u0161t\u011b, co\u017e mu dod\u00e1v\u00e1 majest\u00e1tn\u00ed vzhled. V okol\u00ed najdete mal\u00e9 obch\u016fdky a kav\u00e1rny, ide\u00e1ln\u00ed pro rychl\u00e9 ob\u010derstven\u00ed.<\/p>\n\n\n\n<p><strong>P\u0159edpoklad \u010dasov\u00e9 n\u00e1ro\u010dnosti na dopoledne:<\/strong><\/p>\n\n\n\n<p> &#8211;  Capela das Almas \u2013 30 minut<\/p>\n\n\n\n<p>&#8211; Praca da Liberdade a Igreja da Santissima     Trindade \u2013 1 hodina<\/p>\n\n\n\n<p>&#8211; N\u00e1dra\u017e\u00ed S\u00e3o Bento a Praca da Batalha \u2013 1 hodina<\/p>\n\n\n\n<p><br><br><br><br><strong>Odpoledne: Ikony Porta a um\u011bn\u00ed<\/strong><\/p>\n\n\n\n<p><strong>Kostel Dos Cl\u00e9rigos a v\u011b\u017e<\/strong><\/p>\n\n\n\n<p> Toto je jedna z nejviditeln\u011bj\u0161\u00edch dominant Porta. Pokud m\u00e1te r\u00e1di panoramatick\u00e9 v\u00fdhledy, vy\u0161plhejte na v\u011b\u017e, odkud budete m\u00edt m\u011bsto jako na dlani. Interi\u00e9r kostela je stroh\u00fd, co\u017e up\u0159ednost\u0148uje v\u00fdhled. V\u011b\u017e je tak\u00e9 skv\u011bl\u00fdm m\u00edstem pro fotografy, kte\u0159\u00ed cht\u011bj\u00ed zachytit m\u011bsto z v\u00fd\u0161ky.<\/p>\n\n\n\n<figure class=\"wp-block-image size-large\"><img loading=\"lazy\" decoding=\"async\" width=\"1024\" height=\"683\" src=\"https:\/\/www.travelita.cz\/wp-content\/uploads\/2025\/01\/DSC01579-1024x683.jpg\" alt=\"\" class=\"wp-image-808\" srcset=\"https:\/\/www.travelita.cz\/wp-content\/uploads\/2025\/01\/DSC01579-1024x683.jpg 1024w, https:\/\/www.travelita.cz\/wp-content\/uploads\/2025\/01\/DSC01579-300x200.jpg 300w, https:\/\/www.travelita.cz\/wp-content\/uploads\/2025\/01\/DSC01579-768x512.jpg 768w, https:\/\/www.travelita.cz\/wp-content\/uploads\/2025\/01\/DSC01579-1536x1024.jpg 1536w, https:\/\/www.travelita.cz\/wp-content\/uploads\/2025\/01\/DSC01579-2048x1365.jpg 2048w, https:\/\/www.travelita.cz\/wp-content\/uploads\/2025\/01\/DSC01579-180x120.jpg 180w, https:\/\/www.travelita.cz\/wp-content\/uploads\/2025\/01\/DSC01579-900x600.jpg 900w, https:\/\/www.travelita.cz\/wp-content\/uploads\/2025\/01\/DSC01579-715x477.jpg 715w\" sizes=\"auto, (max-width: 1024px) 100vw, 1024px\" \/><\/figure>\n\n\n\n<div class=\"wp-block-image-gallery-block-image-gallery-block\"><div class=\"eb-parent-wrapper eb-parent-eb-image-gallery-nv4ux \"><div class=\"eb-gallery-img-wrapper eb-image-gallery-nv4ux grid overlay-bottom caption-style-0   no-isotope \" data-id=\"eb-image-gallery-nv4ux\"><a href=\"https:\/\/www.travelita.cz\/wp-content\/uploads\/2025\/01\/DSC01587-scaled.jpg\" rel=\"noopener\" data-fslightbox=\"gallery\" data-type=\"image\" class=\"eb-gallery-img-content eb-filter-img-\"><span class=\"eb-gallery-link-wrapper\"><img decoding=\"async\" class=\"eb-gallery-img\" src=\"https:\/\/www.travelita.cz\/wp-content\/uploads\/2025\/01\/DSC01587-scaled.jpg\" image-index=\"0\" alt=\"\"\/><\/span><\/a><a href=\"https:\/\/www.travelita.cz\/wp-content\/uploads\/2025\/01\/PICT1981-scaled.jpg\" rel=\"noopener\" data-fslightbox=\"gallery\" data-type=\"image\" class=\"eb-gallery-img-content eb-filter-img-\"><span class=\"eb-gallery-link-wrapper\"><img decoding=\"async\" class=\"eb-gallery-img\" src=\"https:\/\/www.travelita.cz\/wp-content\/uploads\/2025\/01\/PICT1981-scaled.jpg\" image-index=\"1\" alt=\"\"\/><\/span><\/a><a href=\"https:\/\/www.travelita.cz\/wp-content\/uploads\/2025\/01\/PICT1916-scaled.jpg\" rel=\"noopener\" data-fslightbox=\"gallery\" data-type=\"image\" class=\"eb-gallery-img-content eb-filter-img-\"><span class=\"eb-gallery-link-wrapper\"><img decoding=\"async\" class=\"eb-gallery-img\" src=\"https:\/\/www.travelita.cz\/wp-content\/uploads\/2025\/01\/PICT1916-scaled.jpg\" image-index=\"2\" alt=\"\"\/><\/span><\/a><\/div><\/div><\/div>\n\n\n\n<p><\/p>\n\n\n\n<p><strong>Livraria Lello<\/strong><\/p>\n\n\n\n<p> Pro milovn\u00edky Harryho Pottera je tato knihovna povinnost\u00ed. Jej\u00ed interi\u00e9r s vy\u0159ez\u00e1van\u00fdmi d\u0159ev\u011bn\u00fdmi detaily a slavn\u00fdmi \u010derven\u00fdmi schody \u00fadajn\u011b inspiroval J.K. Rowlingovou. P\u0159ipravte se v\u0161ak na dlouh\u00e9 fronty a vstupn\u00e9. Knihovna je tak\u00e9 ide\u00e1ln\u00edm m\u00edstem pro milovn\u00edky literatury a architektury.<\/p>\n\n\n\n<figure class=\"wp-block-image size-large\"><img loading=\"lazy\" decoding=\"async\" width=\"1024\" height=\"683\" src=\"https:\/\/www.travelita.cz\/wp-content\/uploads\/2025\/01\/Livraria_Lello_49369268093-1024x683.jpg\" alt=\"\" class=\"wp-image-814\" srcset=\"https:\/\/www.travelita.cz\/wp-content\/uploads\/2025\/01\/Livraria_Lello_49369268093-1024x683.jpg 1024w, https:\/\/www.travelita.cz\/wp-content\/uploads\/2025\/01\/Livraria_Lello_49369268093-300x200.jpg 300w, https:\/\/www.travelita.cz\/wp-content\/uploads\/2025\/01\/Livraria_Lello_49369268093-768x512.jpg 768w, https:\/\/www.travelita.cz\/wp-content\/uploads\/2025\/01\/Livraria_Lello_49369268093-1536x1025.jpg 1536w, https:\/\/www.travelita.cz\/wp-content\/uploads\/2025\/01\/Livraria_Lello_49369268093-2048x1366.jpg 2048w, https:\/\/www.travelita.cz\/wp-content\/uploads\/2025\/01\/Livraria_Lello_49369268093-180x120.jpg 180w, https:\/\/www.travelita.cz\/wp-content\/uploads\/2025\/01\/Livraria_Lello_49369268093-900x600.jpg 900w, https:\/\/www.travelita.cz\/wp-content\/uploads\/2025\/01\/Livraria_Lello_49369268093-715x477.jpg 715w\" sizes=\"auto, (max-width: 1024px) 100vw, 1024px\" \/><\/figure>\n\n\n\n<p class=\"has-small-font-size\">Zdroj &#8211; Wikimedia &#8211; <a href=\"https:\/\/www.flickr.com\/people\/126826552@N05\">Sanshiro KUBOTA<\/a>&nbsp;from London, UK<\/p>\n\n\n\n<p><strong>Kostely Do Carmo a Carmelitas<\/strong><\/p>\n\n\n\n<p>Tyto dv\u011b soused\u00edc\u00ed stavby tvo\u0159\u00ed jedine\u010dn\u00fd kontrast. Kostel Do Carmo je zdoben n\u00e1dhern\u00fdmi azulejos, zat\u00edmco Carmelitas m\u00e1 jednodu\u0161\u0161\u00ed fas\u00e1du, ale zaj\u00edmav\u00fd interi\u00e9r. Oba kostely jsou od sebe odd\u011bleny \u00fazkou budovou, o kter\u00e9 se \u0159\u00edk\u00e1, \u017ee je neju\u017e\u0161\u00edm domem v Portu. Vznikla zastav\u011bn\u00edm mezery mezi p\u016fvodn\u011b mu\u0159sk\u00fdm a \u017eensk\u00fdm kl\u00e1\u0161terem. Jak je vid\u011bt podle mlhy, i tohle m\u00edsto jsme nav\u0161t\u00edv\u00edli prvn\u00ed den p\u0159ed polednem&#8230; \ud83d\ude42<\/p>\n\n\n\n<figure class=\"wp-block-image size-large\"><img loading=\"lazy\" decoding=\"async\" width=\"1024\" height=\"681\" src=\"https:\/\/www.travelita.cz\/wp-content\/uploads\/2025\/01\/PICT1919-1024x681.jpg\" alt=\"\" class=\"wp-image-815\" srcset=\"https:\/\/www.travelita.cz\/wp-content\/uploads\/2025\/01\/PICT1919-1024x681.jpg 1024w, https:\/\/www.travelita.cz\/wp-content\/uploads\/2025\/01\/PICT1919-300x199.jpg 300w, https:\/\/www.travelita.cz\/wp-content\/uploads\/2025\/01\/PICT1919-768x511.jpg 768w, https:\/\/www.travelita.cz\/wp-content\/uploads\/2025\/01\/PICT1919-1536x1021.jpg 1536w, https:\/\/www.travelita.cz\/wp-content\/uploads\/2025\/01\/PICT1919-2048x1362.jpg 2048w, https:\/\/www.travelita.cz\/wp-content\/uploads\/2025\/01\/PICT1919-180x120.jpg 180w, https:\/\/www.travelita.cz\/wp-content\/uploads\/2025\/01\/PICT1919-900x598.jpg 900w, https:\/\/www.travelita.cz\/wp-content\/uploads\/2025\/01\/PICT1919-715x475.jpg 715w\" sizes=\"auto, (max-width: 1024px) 100vw, 1024px\" \/><\/figure>\n\n\n\n<p><strong>Praca do Cordoaria<\/strong><\/p>\n\n\n\n<p>Zakon\u010dete den na tomto kr\u00e1sn\u00e9m n\u00e1m\u011bst\u00ed. P\u0159i proch\u00e1zce se pokochejte mohutn\u00fdmi platanovn\u00edky s kaudexov\u00fdmi kmeny a \u0159adou zaj\u00edmav\u00fdch soch. N\u00e1m\u011bst\u00ed je tak\u00e9 obl\u00edben\u00fdm m\u00edstem mezi m\u00edstn\u00edmi, kte\u0159\u00ed sem chod\u00ed relaxovat nebo se setk\u00e1vat s p\u0159\u00e1teli.<\/p>\n\n\n\n<figure class=\"wp-block-image size-large\"><img loading=\"lazy\" decoding=\"async\" width=\"1024\" height=\"683\" src=\"https:\/\/www.travelita.cz\/wp-content\/uploads\/2025\/01\/DSC01563-1024x683.jpg\" alt=\"\" class=\"wp-image-816\" srcset=\"https:\/\/www.travelita.cz\/wp-content\/uploads\/2025\/01\/DSC01563-1024x683.jpg 1024w, https:\/\/www.travelita.cz\/wp-content\/uploads\/2025\/01\/DSC01563-300x200.jpg 300w, https:\/\/www.travelita.cz\/wp-content\/uploads\/2025\/01\/DSC01563-768x512.jpg 768w, https:\/\/www.travelita.cz\/wp-content\/uploads\/2025\/01\/DSC01563-1536x1024.jpg 1536w, https:\/\/www.travelita.cz\/wp-content\/uploads\/2025\/01\/DSC01563-2048x1365.jpg 2048w, https:\/\/www.travelita.cz\/wp-content\/uploads\/2025\/01\/DSC01563-180x120.jpg 180w, https:\/\/www.travelita.cz\/wp-content\/uploads\/2025\/01\/DSC01563-900x600.jpg 900w, https:\/\/www.travelita.cz\/wp-content\/uploads\/2025\/01\/DSC01563-715x477.jpg 715w\" sizes=\"auto, (max-width: 1024px) 100vw, 1024px\" \/><\/figure>\n\n\n\n<div class=\"wp-block-image-gallery-block-image-gallery-block\"><div class=\"eb-parent-wrapper eb-parent-eb-image-gallery-07dlt \"><div class=\"eb-gallery-img-wrapper eb-image-gallery-07dlt grid overlay-bottom caption-style-0   no-isotope \" data-id=\"eb-image-gallery-07dlt\"><a href=\"https:\/\/www.travelita.cz\/wp-content\/uploads\/2025\/01\/DSC01572-scaled.jpg\" rel=\"noopener\" data-fslightbox=\"gallery\" data-type=\"image\" class=\"eb-gallery-img-content eb-filter-img-\"><span class=\"eb-gallery-link-wrapper\"><img decoding=\"async\" class=\"eb-gallery-img\" src=\"https:\/\/www.travelita.cz\/wp-content\/uploads\/2025\/01\/DSC01572-scaled.jpg\" image-index=\"0\" alt=\"\"\/><\/span><\/a><a href=\"https:\/\/www.travelita.cz\/wp-content\/uploads\/2025\/01\/PICT1941-scaled.jpg\" rel=\"noopener\" data-fslightbox=\"gallery\" data-type=\"image\" class=\"eb-gallery-img-content eb-filter-img-\"><span class=\"eb-gallery-link-wrapper\"><img decoding=\"async\" class=\"eb-gallery-img\" src=\"https:\/\/www.travelita.cz\/wp-content\/uploads\/2025\/01\/PICT1941-scaled.jpg\" image-index=\"1\" alt=\"\"\/><\/span><\/a><a href=\"https:\/\/www.travelita.cz\/wp-content\/uploads\/2025\/01\/PICT1958-scaled.jpg\" rel=\"noopener\" data-fslightbox=\"gallery\" data-type=\"image\" class=\"eb-gallery-img-content eb-filter-img-\"><span class=\"eb-gallery-link-wrapper\"><img decoding=\"async\" class=\"eb-gallery-img\" src=\"https:\/\/www.travelita.cz\/wp-content\/uploads\/2025\/01\/PICT1958-scaled.jpg\" image-index=\"2\" alt=\"\"\/><\/span><\/a><\/div><\/div><\/div>\n\n\n\n<p><\/p>\n\n\n\n<p><strong>\u010casov\u00e1 dotace:<\/strong><\/p>\n\n\n\n<ul class=\"wp-block-list\">\n<li>Kostel Dos Cl\u00e9rigos a v\u011b\u017e \u2013 1 hodina<\/li>\n\n\n\n<li>Livraria Lello \u2013 30 minut<\/li>\n\n\n\n<li>Kostely Do Carmo a Carmelitas \u2013 1 hodina<\/li>\n\n\n\n<li>Praca do Cordoaria \u2013 30 minut<\/li>\n<\/ul>\n\n\n\n<h4 class=\"wp-block-heading\">Doporu\u010den\u00ed na z\u00e1v\u011br<\/h4>\n\n\n\n<p>Pokud v\u00e1m zbude \u010das, m\u016f\u017eete nav\u0161t\u00edvit n\u011bkter\u00e9 z n\u00e1sleduj\u00edc\u00edch m\u00edst, kter\u00e9 jsou pobl\u00ed\u017e:<\/p>\n\n\n\n<ul class=\"wp-block-list\">\n<li><strong>Avenida dos Aliados:<\/strong> Projd\u011bte se touto ikonickou t\u0159\u00eddou plnou historick\u00fdch budov a pouli\u010dn\u00edho \u017eivota.<\/li>\n\n\n\n<li><strong>Igreja de Santo Ant\u00f3nio dos Congregados:<\/strong> Obdivujte barokn\u00ed fas\u00e1du t\u00e9to mal\u00e9, ale kr\u00e1sn\u00e9 kaple kousek od S\u00e3o Bento.<\/li>\n\n\n\n<li><strong>Rua das Flores:<\/strong> P\u0159\u00edjemn\u00e1 ulice s kav\u00e1rnami a butiky, ide\u00e1ln\u00ed na odpo\u010dinek a k\u00e1vu.<\/li>\n\n\n\n<li><strong>Pal\u00e1cio da Bolsa:<\/strong> Prohl\u00e9dn\u011bte si n\u00e1dhern\u00fd Arabsk\u00fd s\u00e1l v b\u00fdval\u00e9 obchodn\u00ed burze Porta.<\/li>\n\n\n\n<li><strong>Jardins do Pal\u00e1cio de Cristal:<\/strong> Relaxujte v zahrad\u00e1ch s kr\u00e1sn\u00fdmi v\u00fdhledy na \u0159eku Douro.<\/li>\n<\/ul>\n\n\n\n<p>T\u00edmto zakon\u010d\u00edte sv\u016fj prvn\u00ed den pln\u00fd z\u00e1\u017eitk\u016f a pozn\u00e1n\u00ed kr\u00e1s Porta. M\u00e1te-li energii, m\u016f\u017eete si ve\u010der dop\u0159\u00e1t typickou ve\u010de\u0159i v m\u00edstn\u00ed restauraci nebo se proj\u00edt pod\u00e9l \u0159eky Douro. <\/p>\n","protected":false},"excerpt":{"rendered":"<p>Prvn\u00ed den eurov\u00edkendu je v\u017edy ide\u00e1ln\u00ed na po\u0159\u00e1dn\u011b nabit\u00fd program, proto\u017ee jsme je\u0161t\u011b pln\u00ed energie a nad\u0161en\u00ed. Doporu\u010dujeme proto tento den vyu\u017e\u00edt naplno a nav\u0161t\u00edvit v\u011bt\u0161\u00ed po\u010det zaj\u00edmav\u00fdch m\u00edst. Jestli je r\u00e1no mlhavo &#8211; a to na ja\u0159e a na podzim b\u00fdv\u00e1 &#8211; za\u0159i\u010fte se podle toho &#8211; p\u0159eskupte itiner\u00e1\u0159 tak, aby jste&#8230;<\/p>\n","protected":false},"author":1,"featured_media":825,"comment_status":"open","ping_status":"open","sticky":false,"template":"","format":"standard","meta":{"_eb_attr":"","footnotes":""},"categories":[12],"tags":[51,53,54,50,29,52],"class_list":["post-739","post","type-post","status-publish","format-standard","has-post-thumbnail","hentry","category-portugalsko","tag-eurovikend-v-porte","tag-kostel-sao-ildefonso","tag-livraria-lello","tag-porto","tag-portugalsko","tag-praca-da-liberdade"],"rttpg_featured_image_url":{"full":["https:\/\/www.travelita.cz\/wp-content\/uploads\/2025\/01\/porto-250419_1280.jpg",1280,853,false],"landscape":["https:\/\/www.travelita.cz\/wp-content\/uploads\/2025\/01\/porto-250419_1280.jpg",1280,853,false],"portraits":["https:\/\/www.travelita.cz\/wp-content\/uploads\/2025\/01\/porto-250419_1280.jpg",1280,853,false],"thumbnail":["https:\/\/www.travelita.cz\/wp-content\/uploads\/2025\/01\/porto-250419_1280-150x150.jpg",150,150,true],"medium":["https:\/\/www.travelita.cz\/wp-content\/uploads\/2025\/01\/porto-250419_1280-300x200.jpg",300,200,true],"large":["https:\/\/www.travelita.cz\/wp-content\/uploads\/2025\/01\/porto-250419_1280-1024x682.jpg",690,460,true],"1536x1536":["https:\/\/www.travelita.cz\/wp-content\/uploads\/2025\/01\/porto-250419_1280.jpg",1280,853,false],"2048x2048":["https:\/\/www.travelita.cz\/wp-content\/uploads\/2025\/01\/porto-250419_1280.jpg",1280,853,false],"appetizo-random-thumb":["https:\/\/www.travelita.cz\/wp-content\/uploads\/2025\/01\/porto-250419_1280-450x450.jpg",450,450,true],"appetizo-thumb":["https:\/\/www.travelita.cz\/wp-content\/uploads\/2025\/01\/porto-250419_1280-180x120.jpg",180,120,true],"post-thumbnail":["https:\/\/www.travelita.cz\/wp-content\/uploads\/2025\/01\/porto-250419_1280-150x150.jpg",150,150,true],"appetizo-large-image":["https:\/\/www.travelita.cz\/wp-content\/uploads\/2025\/01\/porto-250419_1280.jpg",1280,853,false],"appetizo-medium-image":["https:\/\/www.travelita.cz\/wp-content\/uploads\/2025\/01\/porto-250419_1280-900x600.jpg",900,600,true],"appetizo-small-image":["https:\/\/www.travelita.cz\/wp-content\/uploads\/2025\/01\/porto-250419_1280-715x476.jpg",715,476,true]},"rttpg_author":{"display_name":"Travelito","author_link":"https:\/\/www.travelita.cz\/?author=1"},"rttpg_comment":0,"rttpg_category":"<a href=\"https:\/\/www.travelita.cz\/?cat=12\" rel=\"category\">Portugalsko<\/a>","rttpg_excerpt":"Prvn\u00ed den eurov\u00edkendu je v\u017edy ide\u00e1ln\u00ed na po\u0159\u00e1dn\u011b nabit\u00fd program, proto\u017ee jsme je\u0161t\u011b pln\u00ed energie a nad\u0161en\u00ed. Doporu\u010dujeme proto tento den vyu\u017e\u00edt naplno a nav\u0161t\u00edvit v\u011bt\u0161\u00ed po\u010det zaj\u00edmav\u00fdch m\u00edst. Jestli je r\u00e1no mlhavo &#8211; a to na ja\u0159e a na podzim b\u00fdv\u00e1 &#8211; za\u0159i\u010fte se podle toho &#8211; p\u0159eskupte itiner\u00e1\u0159 tak, aby jste...","_links":{"self":[{"href":"https:\/\/www.travelita.cz\/index.php?rest_route=\/wp\/v2\/posts\/739","targetHints":{"allow":["GET"]}}],"collection":[{"href":"https:\/\/www.travelita.cz\/index.php?rest_route=\/wp\/v2\/posts"}],"about":[{"href":"https:\/\/www.travelita.cz\/index.php?rest_route=\/wp\/v2\/types\/post"}],"author":[{"embeddable":true,"href":"https:\/\/www.travelita.cz\/index.php?rest_route=\/wp\/v2\/users\/1"}],"replies":[{"embeddable":true,"href":"https:\/\/www.travelita.cz\/index.php?rest_route=%2Fwp%2Fv2%2Fcomments&post=739"}],"version-history":[{"count":35,"href":"https:\/\/www.travelita.cz\/index.php?rest_route=\/wp\/v2\/posts\/739\/revisions"}],"predecessor-version":[{"id":1043,"href":"https:\/\/www.travelita.cz\/index.php?rest_route=\/wp\/v2\/posts\/739\/revisions\/1043"}],"wp:featuredmedia":[{"embeddable":true,"href":"https:\/\/www.travelita.cz\/index.php?rest_route=\/wp\/v2\/media\/825"}],"wp:attachment":[{"href":"https:\/\/www.travelita.cz\/index.php?rest_route=%2Fwp%2Fv2%2Fmedia&parent=739"}],"wp:term":[{"taxonomy":"category","embeddable":true,"href":"https:\/\/www.travelita.cz\/index.php?rest_route=%2Fwp%2Fv2%2Fcategories&post=739"},{"taxonomy":"post_tag","embeddable":true,"href":"https:\/\/www.travelita.cz\/index.php?rest_route=%2Fwp%2Fv2%2Ftags&post=739"}],"curies":[{"name":"wp","href":"https:\/\/api.w.org\/{rel}","templated":true}]}}