{"id":31,"date":"2024-01-10T10:32:28","date_gmt":"2024-01-10T09:32:28","guid":{"rendered":"https:\/\/www.travelita.cz\/?p=31"},"modified":"2024-01-10T15:39:03","modified_gmt":"2024-01-10T14:39:03","slug":"zamek-namest-nad-oslavou","status":"publish","type":"post","link":"https:\/\/www.travelita.cz\/?p=31","title":{"rendered":"Z\u00e1mek N\u00e1m\u011b\u0161\u0165 nad Oslavou"},"content":{"rendered":"\n<p>Tento v\u00edkend jsme nav\u0161t\u00edvili moc hezk\u00e9 moravsk\u00e9 m\u011bste\u010dko N\u00e1m\u011b\u0161\u0165 nad Oslavou. Krom\u011b m\u011bsta samotn\u00e9ho, stoj\u00ed za n\u00e1v\u0161t\u011bvu hlavn\u011b m\u00edstn\u00ed renesan\u010dn\u00ed z\u00e1mek. A samoz\u0159ejm\u011b m\u00e1m p\u00e1r fotek k nahl\u00e9dnut\u00ed a p\u0159\u00edpadn\u00e9 inspiraci na v\u00fdlet.<\/p>\n\n\n\n<p>Z\u00e1mek v N\u00e1m\u011b\u0161ti nad Oslavou byl postaven na m\u00edst\u011b p\u016fvodn\u00edho gotick\u00e9ho hradu rodem \u017derot\u00edn\u016f, kte\u0159\u00ed jej vybudovali jako z\u00e1mek renesan\u010dn\u00ed. P\u0159i prohl\u00eddce z\u00e1mku jsou v hlavn\u00ed roli nizozemsk\u00e9 a francouzsk\u00e9 tapis\u00e9rie. Jsou k vid\u011bn\u00ed v n\u011bkolika m\u00edstnostech a jsou opravdu rozm\u011brn\u00e9 a zaj\u00edmav\u00e9. Velk\u00e1 \u010d\u00e1st expozice se v\u011bnuje i dobov\u00e9mu stolov\u00e1n\u00ed. Nicm\u00e9n\u011b zde m\u016f\u017eete vid\u011bt i n\u011bkolik obraz\u016f od v\u00fdznamn\u00fdch italsk\u00fdch um\u011blc\u016f. To v\u0161e v r\u00e1mci jednoho okruhu za vstupn\u00e9 160 K\u010d. Ale m\u016f\u017eete si vybrat celkem ze \u010dty\u0159 okruh\u016f za stejnou cenu. V r\u00e1mci dal\u0161\u00edho okruhu je snad nejzaj\u00edmav\u011bj\u0161\u00ed rozs\u00e1hl\u00e1 z\u00e1meck\u00e1 knihovna, vyzdoben\u00e1 barokn\u00edmi freskami, ve kter\u00e9 se po\u0159\u00e1daj\u00ed kulturn\u00ed spole\u010densk\u00e9 akce, koncerty nebo svatebn\u00ed ob\u0159ady.<\/p>\n\n\n\n<p>N\u011bco m\u00e1lo z historie z\u00e1mku: Prvn\u00ed zm\u00ednku o vsi obsahuje listina z 13. stolet\u00ed, kdy hrad pat\u0159il rodu p\u00e1n\u016f z Lomnice. Hrad v pr\u016fb\u011bhu let vyst\u0159\u00eddal spoustu majitel\u016f a\u017e jej koncem 16 stolet\u00ed z\u00edskal rod \u017derot\u00edn\u016f.<\/p>\n\n\n\n<p>Po 2. sv\u011btov\u00e9 v\u00e1lce byl nucen majitel z\u00e1mku hrab\u011b Jind\u0159ich N\u00e1m\u011b\u0161\u0165 opustit (na z\u00e1klad\u011b tzv. bene\u0161ovych dekret\u016f) a tak byl z\u00e1mek mezi lety 1946 a 1947 vyu\u017e\u00edv\u00e1n jako letn\u00ed s\u00eddlo prezidenta Edwarda Bene\u0161e, tak\u017ee m\u016f\u017eete nahl\u00e9dnout i do jeho pracovny. Prezident tento z\u00e1mek vyu\u017e\u00edval jenom kr\u00e1tkou dobu, tak\u017ee od roku 1949 je ji\u017e p\u0159\u00edstupn\u00fd ve\u0159ejnosti.<\/p>\n\n\n\n<p>Mezi lety 2016 a 2018 prob\u011bhla na z\u00e1mku rekonstrukce, kter\u00e1 zahrnovala opravu ark\u00fd\u0159\u016f na v\u00fdchodn\u00edm pr\u016f\u010del\u00ed z\u00e1mku a ark\u00e1d na n\u00e1dvo\u0159\u00ed. N\u00e1klady na rekonstrukci tenkr\u00e1t dos\u00e1hly 15 mil. K\u010d. Dal\u0161\u00ed rekonstrukce n\u00e1sledovala v roce 2020, kter\u00e1 si vy\u017e\u00e1dala podobn\u011b vysokou investici.<\/p>\n\n\n\n<p>Za zm\u00ednku ur\u010dit\u011b stoj\u00ed n\u00e1dhern\u00fd barokn\u00ed most, kter\u00fd vede p\u0159es \u0159eku Oslavu. V roce 1737 jej nechal postavit hrab\u011b V\u00e1clav Adrian z Enckevoirtu.&nbsp;Je dlouh\u00fd 62 a \u0161irok\u00fd 8 m. Na most\u011b m\u016f\u017eete obdivovat sochy archand\u011bl\u016f Michaela, Gabriela a Rafaela, ale i dal\u0161\u00ed (sv. Jan Nepomuck\u00fd, sv. Anna, sv. Franti\u0161ek). Celkov\u011b je soch celkem 20, aktu\u00e1ln\u011b z nich ale velk\u00e1 \u010d\u00e1st chyb\u00ed. Bli\u017e\u0161\u00ed informace naleznete na tomto odkazu:&nbsp;<a href=\"https:\/\/www.namestnosl.cz\/barokni-most\/d-2732\">https:\/\/www.namestnosl.cz\/barokni-most\/d-2732<\/a><\/p>\n\n\n\n<figure class=\"wp-block-image size-large\"><img loading=\"lazy\" decoding=\"async\" width=\"1024\" height=\"683\" src=\"https:\/\/www.travelita.cz\/wp-content\/uploads\/2024\/01\/IMG_5081-1-1024x683.jpg\" alt=\"\" class=\"wp-image-33\" srcset=\"https:\/\/www.travelita.cz\/wp-content\/uploads\/2024\/01\/IMG_5081-1-1024x683.jpg 1024w, https:\/\/www.travelita.cz\/wp-content\/uploads\/2024\/01\/IMG_5081-1-300x200.jpg 300w, https:\/\/www.travelita.cz\/wp-content\/uploads\/2024\/01\/IMG_5081-1-768x512.jpg 768w, https:\/\/www.travelita.cz\/wp-content\/uploads\/2024\/01\/IMG_5081-1-1536x1024.jpg 1536w, https:\/\/www.travelita.cz\/wp-content\/uploads\/2024\/01\/IMG_5081-1-2048x1365.jpg 2048w\" sizes=\"auto, (max-width: 1024px) 100vw, 1024px\" \/><figcaption class=\"wp-element-caption\">N\u00e1dvo\u0159\u00ed z\u00e1mku\u00a0<\/figcaption><\/figure>\n\n\n\n<figure class=\"wp-block-image size-large\"><img loading=\"lazy\" decoding=\"async\" width=\"1024\" height=\"683\" src=\"https:\/\/www.travelita.cz\/wp-content\/uploads\/2024\/01\/IMG_5085-1024x683.jpg\" alt=\"\" class=\"wp-image-38\" srcset=\"https:\/\/www.travelita.cz\/wp-content\/uploads\/2024\/01\/IMG_5085-1024x683.jpg 1024w, https:\/\/www.travelita.cz\/wp-content\/uploads\/2024\/01\/IMG_5085-300x200.jpg 300w, https:\/\/www.travelita.cz\/wp-content\/uploads\/2024\/01\/IMG_5085-768x512.jpg 768w, https:\/\/www.travelita.cz\/wp-content\/uploads\/2024\/01\/IMG_5085-1536x1024.jpg 1536w, https:\/\/www.travelita.cz\/wp-content\/uploads\/2024\/01\/IMG_5085-2048x1365.jpg 2048w\" sizes=\"auto, (max-width: 1024px) 100vw, 1024px\" \/><figcaption class=\"wp-element-caption\">Hlavn\u00ed vchod do z\u00e1mku<\/figcaption><\/figure>\n\n\n\n<figure class=\"wp-block-image size-large\"><img loading=\"lazy\" decoding=\"async\" width=\"1024\" height=\"683\" src=\"https:\/\/www.travelita.cz\/wp-content\/uploads\/2024\/01\/IMG_5088-1024x683.jpg\" alt=\"\" class=\"wp-image-39\" srcset=\"https:\/\/www.travelita.cz\/wp-content\/uploads\/2024\/01\/IMG_5088-1024x683.jpg 1024w, https:\/\/www.travelita.cz\/wp-content\/uploads\/2024\/01\/IMG_5088-300x200.jpg 300w, https:\/\/www.travelita.cz\/wp-content\/uploads\/2024\/01\/IMG_5088-768x512.jpg 768w, https:\/\/www.travelita.cz\/wp-content\/uploads\/2024\/01\/IMG_5088-1536x1024.jpg 1536w, https:\/\/www.travelita.cz\/wp-content\/uploads\/2024\/01\/IMG_5088-2048x1365.jpg 2048w\" sizes=\"auto, (max-width: 1024px) 100vw, 1024px\" \/><figcaption class=\"wp-element-caption\">Kaple z\u00e1mku\u00a0<\/figcaption><\/figure>\n\n\n\n<figure class=\"wp-block-image size-large\"><img loading=\"lazy\" decoding=\"async\" width=\"1024\" height=\"683\" src=\"https:\/\/www.travelita.cz\/wp-content\/uploads\/2024\/01\/IMG_5111-1024x683.jpg\" alt=\"\" class=\"wp-image-40\" srcset=\"https:\/\/www.travelita.cz\/wp-content\/uploads\/2024\/01\/IMG_5111-1024x683.jpg 1024w, https:\/\/www.travelita.cz\/wp-content\/uploads\/2024\/01\/IMG_5111-300x200.jpg 300w, https:\/\/www.travelita.cz\/wp-content\/uploads\/2024\/01\/IMG_5111-768x512.jpg 768w, https:\/\/www.travelita.cz\/wp-content\/uploads\/2024\/01\/IMG_5111-1536x1024.jpg 1536w, https:\/\/www.travelita.cz\/wp-content\/uploads\/2024\/01\/IMG_5111-2048x1365.jpg 2048w\" sizes=\"auto, (max-width: 1024px) 100vw, 1024px\" \/><figcaption class=\"wp-element-caption\">Vnit\u0159n\u00ed n\u00e1dvo\u0159\u00ed\u00a0<\/figcaption><\/figure>\n\n\n\n<figure class=\"wp-block-image size-large\"><img loading=\"lazy\" decoding=\"async\" width=\"1024\" height=\"683\" src=\"https:\/\/www.travelita.cz\/wp-content\/uploads\/2024\/01\/IMG_5121-1024x683.jpg\" alt=\"\" class=\"wp-image-41\" srcset=\"https:\/\/www.travelita.cz\/wp-content\/uploads\/2024\/01\/IMG_5121-1024x683.jpg 1024w, https:\/\/www.travelita.cz\/wp-content\/uploads\/2024\/01\/IMG_5121-300x200.jpg 300w, https:\/\/www.travelita.cz\/wp-content\/uploads\/2024\/01\/IMG_5121-768x512.jpg 768w, https:\/\/www.travelita.cz\/wp-content\/uploads\/2024\/01\/IMG_5121-1536x1024.jpg 1536w, https:\/\/www.travelita.cz\/wp-content\/uploads\/2024\/01\/IMG_5121-2048x1365.jpg 2048w\" sizes=\"auto, (max-width: 1024px) 100vw, 1024px\" \/><figcaption class=\"wp-element-caption\">Interi\u00e9r<\/figcaption><\/figure>\n\n\n\n<figure class=\"wp-block-image size-large\"><img loading=\"lazy\" decoding=\"async\" width=\"1024\" height=\"683\" src=\"https:\/\/www.travelita.cz\/wp-content\/uploads\/2024\/01\/IMG_5150-1024x683.jpg\" alt=\"\" class=\"wp-image-43\" srcset=\"https:\/\/www.travelita.cz\/wp-content\/uploads\/2024\/01\/IMG_5150-1024x683.jpg 1024w, https:\/\/www.travelita.cz\/wp-content\/uploads\/2024\/01\/IMG_5150-300x200.jpg 300w, https:\/\/www.travelita.cz\/wp-content\/uploads\/2024\/01\/IMG_5150-768x512.jpg 768w, https:\/\/www.travelita.cz\/wp-content\/uploads\/2024\/01\/IMG_5150-1536x1024.jpg 1536w, https:\/\/www.travelita.cz\/wp-content\/uploads\/2024\/01\/IMG_5150-2048x1365.jpg 2048w\" sizes=\"auto, (max-width: 1024px) 100vw, 1024px\" \/><figcaption class=\"wp-element-caption\">D\u00e1msk\u00fd sn\u00edda\u0148ov\u00fd pokoj<\/figcaption><\/figure>\n\n\n\n<figure class=\"wp-block-image size-large\"><img loading=\"lazy\" decoding=\"async\" width=\"1024\" height=\"683\" src=\"https:\/\/www.travelita.cz\/wp-content\/uploads\/2024\/01\/IMG_5216-1024x683.jpg\" alt=\"\" class=\"wp-image-47\" srcset=\"https:\/\/www.travelita.cz\/wp-content\/uploads\/2024\/01\/IMG_5216-1024x683.jpg 1024w, https:\/\/www.travelita.cz\/wp-content\/uploads\/2024\/01\/IMG_5216-300x200.jpg 300w, https:\/\/www.travelita.cz\/wp-content\/uploads\/2024\/01\/IMG_5216-768x512.jpg 768w, https:\/\/www.travelita.cz\/wp-content\/uploads\/2024\/01\/IMG_5216-1536x1024.jpg 1536w, https:\/\/www.travelita.cz\/wp-content\/uploads\/2024\/01\/IMG_5216-2048x1365.jpg 2048w\" sizes=\"auto, (max-width: 1024px) 100vw, 1024px\" \/><figcaption class=\"wp-element-caption\">Barokn\u00ed most<\/figcaption><\/figure>\n\n\n\n<figure class=\"wp-block-image size-large\"><img loading=\"lazy\" decoding=\"async\" width=\"683\" height=\"1024\" src=\"https:\/\/www.travelita.cz\/wp-content\/uploads\/2024\/01\/IMG_5211-683x1024.jpg\" alt=\"\" class=\"wp-image-53\" srcset=\"https:\/\/www.travelita.cz\/wp-content\/uploads\/2024\/01\/IMG_5211-683x1024.jpg 683w, https:\/\/www.travelita.cz\/wp-content\/uploads\/2024\/01\/IMG_5211-200x300.jpg 200w, https:\/\/www.travelita.cz\/wp-content\/uploads\/2024\/01\/IMG_5211-768x1152.jpg 768w, https:\/\/www.travelita.cz\/wp-content\/uploads\/2024\/01\/IMG_5211-1024x1536.jpg 1024w, https:\/\/www.travelita.cz\/wp-content\/uploads\/2024\/01\/IMG_5211-1365x2048.jpg 1365w, https:\/\/www.travelita.cz\/wp-content\/uploads\/2024\/01\/IMG_5211-scaled.jpg 1707w\" sizes=\"auto, (max-width: 683px) 100vw, 683px\" \/><figcaption class=\"wp-element-caption\">Socha na mostu<\/figcaption><\/figure>\n","protected":false},"excerpt":{"rendered":"<p>\u00e1mek v N\u00e1m\u011b\u0161ti nad Oslavou byl postaven na m\u00edst\u011b p\u016fvodn\u00edho gotick\u00e9ho hradu rodem \u017derot\u00edn\u016f, kte\u0159\u00ed jej vybudovali jako z\u00e1mek renesan\u010dn\u00ed. P\u0159i prohl\u00eddce z\u00e1mku jsou v hlavn\u00ed roli nizozemsk\u00e9 a francouzsk\u00e9 tapis\u00e9rie. Jsou k vid\u011bn\u00ed v n\u011bkolika m\u00edstnostech a jsou opravdu rozm\u011brn\u00e9 a zaj\u00edmav\u00e9. Velk\u00e1 \u010d\u00e1st expozice se v\u011bnuje i dobov\u00e9mu stolov\u00e1n\u00ed. Nicm\u00e9n\u011b zde m\u016f\u017eete vid\u011bt i n\u011bkolik obraz\u016f od v\u00fdznamn\u00fdch italsk\u00fdch um\u011blc\u016f. To v\u0161e v r\u00e1mci jednoho okruhu za vstupn\u00e9 160 K\u010d. Ale m\u016f\u017eete si vybrat celkem ze \u010dty\u0159 okruh\u016f za stejnou cenu. V r\u00e1mci dal\u0161\u00edho okruhu je snad nejzaj\u00edmav\u011bj\u0161\u00ed rozs\u00e1hl\u00e1 z\u00e1meck\u00e1 knihovna, vyzdoben\u00e1 barokn\u00edmi freskami, ve kter\u00e9 se po\u0159\u00e1daj\u00ed kulturn\u00ed spole\u010densk\u00e9 akce, koncerty nebo svatebn\u00ed ob\u0159ady.<\/p>\n","protected":false},"author":2,"featured_media":33,"comment_status":"open","ping_status":"open","sticky":false,"template":"","format":"standard","meta":{"_eb_attr":"","footnotes":""},"categories":[9,17],"tags":[7],"class_list":["post-31","post","type-post","status-publish","format-standard","has-post-thumbnail","hentry","category-ceska-republika","category-zobrazovat","tag-namest-nad-oslavou"],"rttpg_featured_image_url":{"full":["https:\/\/www.travelita.cz\/wp-content\/uploads\/2024\/01\/IMG_5081-1-scaled.jpg",2560,1707,false],"landscape":["https:\/\/www.travelita.cz\/wp-content\/uploads\/2024\/01\/IMG_5081-1-scaled.jpg",2560,1707,false],"portraits":["https:\/\/www.travelita.cz\/wp-content\/uploads\/2024\/01\/IMG_5081-1-scaled.jpg",2560,1707,false],"thumbnail":["https:\/\/www.travelita.cz\/wp-content\/uploads\/2024\/01\/IMG_5081-1-150x150.jpg",150,150,true],"medium":["https:\/\/www.travelita.cz\/wp-content\/uploads\/2024\/01\/IMG_5081-1-300x200.jpg",300,200,true],"large":["https:\/\/www.travelita.cz\/wp-content\/uploads\/2024\/01\/IMG_5081-1-1024x683.jpg",690,460,true],"1536x1536":["https:\/\/www.travelita.cz\/wp-content\/uploads\/2024\/01\/IMG_5081-1-1536x1024.jpg",1536,1024,true],"2048x2048":["https:\/\/www.travelita.cz\/wp-content\/uploads\/2024\/01\/IMG_5081-1-2048x1365.jpg",2048,1365,true],"appetizo-random-thumb":["https:\/\/www.travelita.cz\/wp-content\/uploads\/2024\/01\/IMG_5081-1-scaled.jpg",450,300,false],"appetizo-thumb":["https:\/\/www.travelita.cz\/wp-content\/uploads\/2024\/01\/IMG_5081-1-scaled.jpg",180,120,false],"post-thumbnail":["https:\/\/www.travelita.cz\/wp-content\/uploads\/2024\/01\/IMG_5081-1-scaled.jpg",150,100,false],"appetizo-large-image":["https:\/\/www.travelita.cz\/wp-content\/uploads\/2024\/01\/IMG_5081-1-scaled.jpg",2560,1707,false],"appetizo-medium-image":["https:\/\/www.travelita.cz\/wp-content\/uploads\/2024\/01\/IMG_5081-1-scaled.jpg",900,600,false],"appetizo-small-image":["https:\/\/www.travelita.cz\/wp-content\/uploads\/2024\/01\/IMG_5081-1-scaled.jpg",715,477,false]},"rttpg_author":{"display_name":"Simona Procklov\u00e1","author_link":"https:\/\/www.travelita.cz\/?author=2"},"rttpg_comment":0,"rttpg_category":"<a href=\"https:\/\/www.travelita.cz\/?cat=9\" rel=\"category\">\u010cesk\u00e1 republika<\/a> <a href=\"https:\/\/www.travelita.cz\/?cat=17\" rel=\"category\">Zobrazovat<\/a>","rttpg_excerpt":"\u00e1mek v N\u00e1m\u011b\u0161ti nad Oslavou byl postaven na m\u00edst\u011b p\u016fvodn\u00edho gotick\u00e9ho hradu rodem \u017derot\u00edn\u016f, kte\u0159\u00ed jej vybudovali jako z\u00e1mek renesan\u010dn\u00ed. P\u0159i prohl\u00eddce z\u00e1mku jsou v hlavn\u00ed roli nizozemsk\u00e9 a francouzsk\u00e9 tapis\u00e9rie. Jsou k vid\u011bn\u00ed v n\u011bkolika m\u00edstnostech a jsou opravdu rozm\u011brn\u00e9 a zaj\u00edmav\u00e9. Velk\u00e1 \u010d\u00e1st expozice se v\u011bnuje i dobov\u00e9mu stolov\u00e1n\u00ed. Nicm\u00e9n\u011b zde m\u016f\u017eete vid\u011bt&hellip;","_links":{"self":[{"href":"https:\/\/www.travelita.cz\/index.php?rest_route=\/wp\/v2\/posts\/31","targetHints":{"allow":["GET"]}}],"collection":[{"href":"https:\/\/www.travelita.cz\/index.php?rest_route=\/wp\/v2\/posts"}],"about":[{"href":"https:\/\/www.travelita.cz\/index.php?rest_route=\/wp\/v2\/types\/post"}],"author":[{"embeddable":true,"href":"https:\/\/www.travelita.cz\/index.php?rest_route=\/wp\/v2\/users\/2"}],"replies":[{"embeddable":true,"href":"https:\/\/www.travelita.cz\/index.php?rest_route=%2Fwp%2Fv2%2Fcomments&post=31"}],"version-history":[{"count":3,"href":"https:\/\/www.travelita.cz\/index.php?rest_route=\/wp\/v2\/posts\/31\/revisions"}],"predecessor-version":[{"id":75,"href":"https:\/\/www.travelita.cz\/index.php?rest_route=\/wp\/v2\/posts\/31\/revisions\/75"}],"wp:featuredmedia":[{"embeddable":true,"href":"https:\/\/www.travelita.cz\/index.php?rest_route=\/wp\/v2\/media\/33"}],"wp:attachment":[{"href":"https:\/\/www.travelita.cz\/index.php?rest_route=%2Fwp%2Fv2%2Fmedia&parent=31"}],"wp:term":[{"taxonomy":"category","embeddable":true,"href":"https:\/\/www.travelita.cz\/index.php?rest_route=%2Fwp%2Fv2%2Fcategories&post=31"},{"taxonomy":"post_tag","embeddable":true,"href":"https:\/\/www.travelita.cz\/index.php?rest_route=%2Fwp%2Fv2%2Ftags&post=31"}],"curies":[{"name":"wp","href":"https:\/\/api.w.org\/{rel}","templated":true}]}}