{"id":1408,"date":"2025-11-16T12:10:47","date_gmt":"2025-11-16T11:10:47","guid":{"rendered":"https:\/\/www.travelita.cz\/?p=1408"},"modified":"2025-11-19T10:19:00","modified_gmt":"2025-11-19T09:19:00","slug":"zriceniny-ennis-friary","status":"publish","type":"post","link":"https:\/\/www.travelita.cz\/?p=1408","title":{"rendered":"Z\u0159\u00edcenina Ennis Friary"},"content":{"rendered":"\n<p>Pokud pl\u00e1nujete cestu po z\u00e1padn\u00edm Irsku a tou\u017e\u00edte vid\u011bt m\u00edsta, kter\u00e1 spojuj\u00ed historii, atmosf\u00e9ru a lehk\u00fd n\u00e1dech tajemna, pak by <em>Ennis Friary<\/em> rozhodn\u011b nem\u011bl chyb\u011bt na va\u0161em seznamu. Skryt\u00fd v mal\u00e9m, ale \u017eiv\u00e9m m\u011bste\u010dku Ennis, pat\u0159\u00ed mezi ta m\u00edsta, kter\u00e1 p\u016fsob\u00ed nen\u00e1padn\u011b \u2013 dokud se p\u0159ed v\u00e1mi neotev\u0159e jejich p\u0159\u00edb\u011bh.<\/p>\n\n\n\n<h4 class=\"wp-block-heading\"><strong>Kr\u00e1tk\u00fd exkurz do historie<\/strong><\/h4>\n\n\n\n<p>Ennis Friary byl zalo\u017een ve 13. stolet\u00ed franti\u0161k\u00e1nsk\u00fdmi mnichy, pravd\u011bpodobn\u011b na pozv\u00e1n\u00ed m\u00edstn\u00edho klanu O\u2019Brien\u016f, kte\u0159\u00ed pat\u0159ili mezi v\u00fdznamn\u00e9 vl\u00e1dnouc\u00ed rody regionu. Kl\u00e1\u0161ter fungoval jako centrum vzd\u011blanosti, spirituality a pozd\u011bji i l\u00e9\u010ditelstv\u00ed. Je\u0161t\u011b dlouho po zru\u0161en\u00ed kl\u00e1\u0161ter\u016f b\u011bhem reformace tu franti\u0161k\u00e1ni p\u0159etrvali, \u010dasto v obt\u00ed\u017en\u00fdch podm\u00ednk\u00e1ch.<\/p>\n\n\n\n<p>A\u010dkoliv dnes m\u00edsto p\u016fsob\u00ed jako tich\u00e1 z\u0159\u00edcenina, v minulosti tu tepalo srdce komunitn\u00edho \u017eivota.<\/p>\n\n\n\n<h4 class=\"wp-block-heading\"><strong>Co dnes v Ennis Friary uvid\u00edte<\/strong><\/h4>\n\n\n\n<p>P\u0159esto\u017ee se nedochoval v \u00fapln\u00e9 podob\u011b, st\u00e1le tu stoj\u00ed n\u011bkolik v\u00fdrazn\u00fdch architektonick\u00fdch prvk\u016f, kter\u00e9 napov\u00eddaj\u00ed o jeho n\u011bkdej\u0161\u00ed kr\u00e1se:<\/p>\n\n\n\n<h4 class=\"wp-block-heading\"><strong>1. Gotick\u00fd kostel<\/strong><\/h4>\n\n\n\n<p>Ruiny hlavn\u00edho kostela s dlouh\u00fdm lodn\u00edm prostorem dodnes vystihuj\u00ed typick\u00fd franti\u0161k\u00e1nsk\u00fd styl \u2013 jednoduchost, \u010distotu a prakti\u010dnost. Kdy\u017e vstoup\u00edte dovnit\u0159, uc\u00edt\u00edte zvl\u00e1\u0161tn\u00ed klid, kter\u00fd jako by p\u0159etrval v\u011bky.<\/p>\n\n\n\n<h4 class=\"wp-block-heading\"><strong>2. V\u00fdjime\u010dn\u00e9 socha\u0159sk\u00e9 detaily<\/strong><\/h4>\n\n\n\n<p>Jedn\u00edm z nejzaj\u00edmav\u011bj\u0161\u00edch prvk\u016f jsou kamenn\u00e9 reli\u00e9fy a n\u00e1hrobky, zejm\u00e9na tzv. <em>MacMahon Tomb<\/em>, gotick\u00fd n\u00e1hrobek z 15. stolet\u00ed, kter\u00fd je pova\u017eov\u00e1n za mistrovsk\u00e9 d\u00edlo irsk\u00e9ho st\u0159edov\u011bk\u00e9ho socha\u0159stv\u00ed. Jeho v\u00fdjevy jsou p\u0159ekvapiv\u011b detailn\u00ed a st\u00e1le \u010diteln\u00e9.<\/p>\n\n\n\n<h4 class=\"wp-block-heading\"><strong>3. Kl\u00e1\u0161tern\u00ed ambit<\/strong><\/h4>\n\n\n\n<p>Zbytky ambitu \u2014 \u010dtvercov\u00e9ho dvora obklopen\u00e9ho ark\u00e1dami \u2014 dodnes nazna\u010duj\u00ed, jak fungoval ka\u017edodenn\u00ed \u017eivot mnich\u016f. Pr\u00e1v\u011b tady chodili, modlili se a pracovali.<\/p>\n\n\n\n<h4 class=\"wp-block-heading\"><strong>4. Atmosf\u00e9ra, kv\u016fli kter\u00e9 stoj\u00ed za to p\u0159ij\u00edt<\/strong><\/h4>\n\n\n\n<p>Ennis Friary nen\u00ed rozs\u00e1hl\u00fd komplex jako n\u011bkter\u00e9 jin\u00e9 irsk\u00e9 kl\u00e1\u0161tery, ale jeho kouzlo spo\u010d\u00edv\u00e1 v intimit\u011b. P\u016fsob\u00ed osobn\u011b, skoro jako byste nav\u0161t\u00edvili m\u00edsto, kter\u00e9 si pamatuje sv\u00e9 p\u0159\u00edb\u011bhy a ti\u0161e je sd\u00edl\u00ed s t\u011bmi, kdo cht\u011bj\u00ed naslouchat.<\/p>\n\n\n\n<h4 class=\"wp-block-heading\"><strong>Pro\u010d se sem vydat?<\/strong><\/h4>\n\n\n\n<ul class=\"wp-block-list\">\n<li><strong>Snadn\u00e1 dostupnost<\/strong> \u2013 z\u0159\u00edceniny stoj\u00ed p\u0159\u00edmo v centru Ennisu, p\u00e1r krok\u016f od kav\u00e1ren a mal\u00fdch obchod\u016f.<\/li>\n\n\n\n<li><strong>Fotogenick\u00e9 m\u00edsto<\/strong> \u2013 ide\u00e1ln\u00ed pro milovn\u00edky historie i fotografy, obzvl\u00e1\u0161\u0165 p\u0159i ve\u010dern\u00edm sv\u011btle.<\/li>\n\n\n\n<li><strong>Kus prav\u00e9ho Irska<\/strong> \u2013 bez dav\u016f turist\u016f, s atmosf\u00e9rou, kter\u00e1 se ned\u00e1 napodobit.<\/li>\n<\/ul>\n\n\n\n<h4 class=\"wp-block-heading\"><strong>Tip na z\u00e1v\u011br: spojte n\u00e1v\u0161t\u011bvu s proch\u00e1zkou m\u011bstem<\/strong><\/h4>\n\n\n\n<p>Ennis je jedn\u00edm z nejmalebn\u011bj\u0161\u00edch m\u011bst z\u00e1padn\u00edho Irska. \u00dazk\u00e9 uli\u010dky, tradi\u010dn\u00ed irsk\u00e9 hosp\u016fdky a \u017eiv\u00e1 kulturn\u00ed sc\u00e9na tvo\u0159\u00ed perfektn\u00ed r\u00e1mec k n\u00e1v\u0161t\u011bv\u011b kl\u00e1\u0161tern\u00edch ruin. Pokud m\u00e1te \u010das, z\u016fsta\u0148te tu i po z\u00e1padu slunce \u2013 hudba z m\u00edstn\u00edch pub\u016f d\u00e1 va\u0161emu dni nezapomenutelnou te\u010dku.<\/p>\n\n\n\n<figure class=\"wp-block-gallery has-nested-images columns-default is-cropped wp-block-gallery-1 is-layout-flex wp-block-gallery-is-layout-flex\">\n<figure class=\"wp-block-image size-large\"><img loading=\"lazy\" decoding=\"async\" width=\"1024\" height=\"681\" data-id=\"1416\" src=\"https:\/\/www.travelita.cz\/wp-content\/uploads\/2025\/11\/PICT0327-1-1024x681.jpg\" alt=\"\" class=\"wp-image-1416\" srcset=\"https:\/\/www.travelita.cz\/wp-content\/uploads\/2025\/11\/PICT0327-1-1024x681.jpg 1024w, https:\/\/www.travelita.cz\/wp-content\/uploads\/2025\/11\/PICT0327-1-300x199.jpg 300w, https:\/\/www.travelita.cz\/wp-content\/uploads\/2025\/11\/PICT0327-1-768x511.jpg 768w, https:\/\/www.travelita.cz\/wp-content\/uploads\/2025\/11\/PICT0327-1-1536x1021.jpg 1536w, https:\/\/www.travelita.cz\/wp-content\/uploads\/2025\/11\/PICT0327-1-2048x1362.jpg 2048w, https:\/\/www.travelita.cz\/wp-content\/uploads\/2025\/11\/PICT0327-1-180x120.jpg 180w, https:\/\/www.travelita.cz\/wp-content\/uploads\/2025\/11\/PICT0327-1-900x598.jpg 900w, https:\/\/www.travelita.cz\/wp-content\/uploads\/2025\/11\/PICT0327-1-715x475.jpg 715w\" sizes=\"auto, (max-width: 1024px) 100vw, 1024px\" \/><\/figure>\n\n\n\n<figure class=\"wp-block-image size-large\"><img loading=\"lazy\" decoding=\"async\" width=\"1024\" height=\"681\" data-id=\"1415\" src=\"https:\/\/www.travelita.cz\/wp-content\/uploads\/2025\/11\/PICT0331-1-1024x681.jpg\" alt=\"\" class=\"wp-image-1415\" srcset=\"https:\/\/www.travelita.cz\/wp-content\/uploads\/2025\/11\/PICT0331-1-1024x681.jpg 1024w, https:\/\/www.travelita.cz\/wp-content\/uploads\/2025\/11\/PICT0331-1-300x199.jpg 300w, https:\/\/www.travelita.cz\/wp-content\/uploads\/2025\/11\/PICT0331-1-768x511.jpg 768w, https:\/\/www.travelita.cz\/wp-content\/uploads\/2025\/11\/PICT0331-1-1536x1021.jpg 1536w, https:\/\/www.travelita.cz\/wp-content\/uploads\/2025\/11\/PICT0331-1-2048x1362.jpg 2048w, https:\/\/www.travelita.cz\/wp-content\/uploads\/2025\/11\/PICT0331-1-180x120.jpg 180w, https:\/\/www.travelita.cz\/wp-content\/uploads\/2025\/11\/PICT0331-1-900x598.jpg 900w, https:\/\/www.travelita.cz\/wp-content\/uploads\/2025\/11\/PICT0331-1-715x475.jpg 715w\" sizes=\"auto, (max-width: 1024px) 100vw, 1024px\" \/><\/figure>\n\n\n\n<figure class=\"wp-block-image size-large\"><img loading=\"lazy\" decoding=\"async\" width=\"1024\" height=\"681\" data-id=\"1410\" src=\"https:\/\/www.travelita.cz\/wp-content\/uploads\/2025\/11\/PICT0337-1-1024x681.jpg\" alt=\"\" class=\"wp-image-1410\" srcset=\"https:\/\/www.travelita.cz\/wp-content\/uploads\/2025\/11\/PICT0337-1-1024x681.jpg 1024w, https:\/\/www.travelita.cz\/wp-content\/uploads\/2025\/11\/PICT0337-1-300x199.jpg 300w, https:\/\/www.travelita.cz\/wp-content\/uploads\/2025\/11\/PICT0337-1-768x511.jpg 768w, https:\/\/www.travelita.cz\/wp-content\/uploads\/2025\/11\/PICT0337-1-1536x1021.jpg 1536w, https:\/\/www.travelita.cz\/wp-content\/uploads\/2025\/11\/PICT0337-1-2048x1362.jpg 2048w, https:\/\/www.travelita.cz\/wp-content\/uploads\/2025\/11\/PICT0337-1-180x120.jpg 180w, https:\/\/www.travelita.cz\/wp-content\/uploads\/2025\/11\/PICT0337-1-900x598.jpg 900w, https:\/\/www.travelita.cz\/wp-content\/uploads\/2025\/11\/PICT0337-1-715x475.jpg 715w\" sizes=\"auto, (max-width: 1024px) 100vw, 1024px\" \/><\/figure>\n\n\n\n<figure class=\"wp-block-image size-large\"><img loading=\"lazy\" decoding=\"async\" width=\"1024\" height=\"681\" data-id=\"1414\" src=\"https:\/\/www.travelita.cz\/wp-content\/uploads\/2025\/11\/PICT0343-1024x681.jpg\" alt=\"\" class=\"wp-image-1414\" srcset=\"https:\/\/www.travelita.cz\/wp-content\/uploads\/2025\/11\/PICT0343-1024x681.jpg 1024w, https:\/\/www.travelita.cz\/wp-content\/uploads\/2025\/11\/PICT0343-300x199.jpg 300w, https:\/\/www.travelita.cz\/wp-content\/uploads\/2025\/11\/PICT0343-768x511.jpg 768w, https:\/\/www.travelita.cz\/wp-content\/uploads\/2025\/11\/PICT0343-1536x1021.jpg 1536w, https:\/\/www.travelita.cz\/wp-content\/uploads\/2025\/11\/PICT0343-2048x1362.jpg 2048w, https:\/\/www.travelita.cz\/wp-content\/uploads\/2025\/11\/PICT0343-180x120.jpg 180w, https:\/\/www.travelita.cz\/wp-content\/uploads\/2025\/11\/PICT0343-900x598.jpg 900w, https:\/\/www.travelita.cz\/wp-content\/uploads\/2025\/11\/PICT0343-715x475.jpg 715w\" sizes=\"auto, (max-width: 1024px) 100vw, 1024px\" \/><\/figure>\n\n\n\n<figure class=\"wp-block-image size-large\"><img loading=\"lazy\" decoding=\"async\" width=\"1024\" height=\"681\" data-id=\"1417\" src=\"https:\/\/www.travelita.cz\/wp-content\/uploads\/2025\/11\/PICT0346-1-1024x681.jpg\" alt=\"\" class=\"wp-image-1417\" srcset=\"https:\/\/www.travelita.cz\/wp-content\/uploads\/2025\/11\/PICT0346-1-1024x681.jpg 1024w, https:\/\/www.travelita.cz\/wp-content\/uploads\/2025\/11\/PICT0346-1-300x199.jpg 300w, https:\/\/www.travelita.cz\/wp-content\/uploads\/2025\/11\/PICT0346-1-768x511.jpg 768w, https:\/\/www.travelita.cz\/wp-content\/uploads\/2025\/11\/PICT0346-1-1536x1021.jpg 1536w, https:\/\/www.travelita.cz\/wp-content\/uploads\/2025\/11\/PICT0346-1-2048x1362.jpg 2048w, https:\/\/www.travelita.cz\/wp-content\/uploads\/2025\/11\/PICT0346-1-180x120.jpg 180w, https:\/\/www.travelita.cz\/wp-content\/uploads\/2025\/11\/PICT0346-1-900x598.jpg 900w, https:\/\/www.travelita.cz\/wp-content\/uploads\/2025\/11\/PICT0346-1-715x475.jpg 715w\" sizes=\"auto, (max-width: 1024px) 100vw, 1024px\" \/><\/figure>\n\n\n\n<figure class=\"wp-block-image size-large\"><img loading=\"lazy\" decoding=\"async\" width=\"1024\" height=\"681\" data-id=\"1413\" src=\"https:\/\/www.travelita.cz\/wp-content\/uploads\/2025\/11\/PICT0347-1024x681.jpg\" alt=\"\" class=\"wp-image-1413\" srcset=\"https:\/\/www.travelita.cz\/wp-content\/uploads\/2025\/11\/PICT0347-1024x681.jpg 1024w, https:\/\/www.travelita.cz\/wp-content\/uploads\/2025\/11\/PICT0347-300x199.jpg 300w, https:\/\/www.travelita.cz\/wp-content\/uploads\/2025\/11\/PICT0347-768x511.jpg 768w, https:\/\/www.travelita.cz\/wp-content\/uploads\/2025\/11\/PICT0347-1536x1021.jpg 1536w, https:\/\/www.travelita.cz\/wp-content\/uploads\/2025\/11\/PICT0347-2048x1362.jpg 2048w, https:\/\/www.travelita.cz\/wp-content\/uploads\/2025\/11\/PICT0347-180x120.jpg 180w, https:\/\/www.travelita.cz\/wp-content\/uploads\/2025\/11\/PICT0347-900x598.jpg 900w, https:\/\/www.travelita.cz\/wp-content\/uploads\/2025\/11\/PICT0347-715x475.jpg 715w\" sizes=\"auto, (max-width: 1024px) 100vw, 1024px\" \/><\/figure>\n<\/figure>\n\n\n\n<p>Foto: Simona Procklov\u00e1<\/p>\n","protected":false},"excerpt":{"rendered":"<p>Pokud pl\u00e1nujete cestu po z\u00e1padn\u00edm Irsku a tou\u017e\u00edte vid\u011bt m\u00edsta, kter\u00e1 spojuj\u00ed historii, atmosf\u00e9ru a lehk\u00fd n\u00e1dech tajemna, pak by Ennis Friary rozhodn\u011b nem\u011bl chyb\u011bt na va\u0161em seznamu. Skryt\u00fd v mal\u00e9m, ale \u017eiv\u00e9m m\u011bste\u010dku Ennis, pat\u0159\u00ed mezi ta m\u00edsta, kter\u00e1 p\u016fsob\u00ed nen\u00e1padn\u011b \u2013 dokud se p\u0159ed v\u00e1mi neotev\u0159e jejich p\u0159\u00edb\u011bh. Kr\u00e1tk\u00fd exkurz do&#8230;<\/p>\n","protected":false},"author":2,"featured_media":1416,"comment_status":"open","ping_status":"open","sticky":false,"template":"","format":"standard","meta":{"_eb_attr":"","footnotes":""},"categories":[80],"tags":[71,113],"class_list":["post-1408","post","type-post","status-publish","format-standard","has-post-thumbnail","hentry","category-irsko","tag-irsko","tag-zriceniny-ennis-friary"],"rttpg_featured_image_url":{"full":["https:\/\/www.travelita.cz\/wp-content\/uploads\/2025\/11\/PICT0327-1-scaled.jpg",2560,1702,false],"landscape":["https:\/\/www.travelita.cz\/wp-content\/uploads\/2025\/11\/PICT0327-1-scaled.jpg",2560,1702,false],"portraits":["https:\/\/www.travelita.cz\/wp-content\/uploads\/2025\/11\/PICT0327-1-scaled.jpg",2560,1702,false],"thumbnail":["https:\/\/www.travelita.cz\/wp-content\/uploads\/2025\/11\/PICT0327-1-150x150.jpg",150,150,true],"medium":["https:\/\/www.travelita.cz\/wp-content\/uploads\/2025\/11\/PICT0327-1-300x199.jpg",300,199,true],"large":["https:\/\/www.travelita.cz\/wp-content\/uploads\/2025\/11\/PICT0327-1-1024x681.jpg",690,459,true],"1536x1536":["https:\/\/www.travelita.cz\/wp-content\/uploads\/2025\/11\/PICT0327-1-1536x1021.jpg",1536,1021,true],"2048x2048":["https:\/\/www.travelita.cz\/wp-content\/uploads\/2025\/11\/PICT0327-1-2048x1362.jpg",2048,1362,true],"appetizo-random-thumb":["https:\/\/www.travelita.cz\/wp-content\/uploads\/2025\/11\/PICT0327-1-450x450.jpg",450,450,true],"appetizo-thumb":["https:\/\/www.travelita.cz\/wp-content\/uploads\/2025\/11\/PICT0327-1-180x120.jpg",180,120,true],"post-thumbnail":["https:\/\/www.travelita.cz\/wp-content\/uploads\/2025\/11\/PICT0327-1-150x150.jpg",150,150,true],"appetizo-large-image":["https:\/\/www.travelita.cz\/wp-content\/uploads\/2025\/11\/PICT0327-1-scaled.jpg",2560,1702,false],"appetizo-medium-image":["https:\/\/www.travelita.cz\/wp-content\/uploads\/2025\/11\/PICT0327-1-900x598.jpg",900,598,true],"appetizo-small-image":["https:\/\/www.travelita.cz\/wp-content\/uploads\/2025\/11\/PICT0327-1-715x475.jpg",715,475,true]},"rttpg_author":{"display_name":"Simona Procklov\u00e1","author_link":"https:\/\/www.travelita.cz\/?author=2"},"rttpg_comment":0,"rttpg_category":"<a href=\"https:\/\/www.travelita.cz\/?cat=80\" rel=\"category\">Irsko<\/a>","rttpg_excerpt":"Pokud pl\u00e1nujete cestu po z\u00e1padn\u00edm Irsku a tou\u017e\u00edte vid\u011bt m\u00edsta, kter\u00e1 spojuj\u00ed historii, atmosf\u00e9ru a lehk\u00fd n\u00e1dech tajemna, pak by Ennis Friary rozhodn\u011b nem\u011bl chyb\u011bt na va\u0161em seznamu. Skryt\u00fd v mal\u00e9m, ale \u017eiv\u00e9m m\u011bste\u010dku Ennis, pat\u0159\u00ed mezi ta m\u00edsta, kter\u00e1 p\u016fsob\u00ed nen\u00e1padn\u011b \u2013 dokud se p\u0159ed v\u00e1mi neotev\u0159e jejich p\u0159\u00edb\u011bh. Kr\u00e1tk\u00fd exkurz do...","_links":{"self":[{"href":"https:\/\/www.travelita.cz\/index.php?rest_route=\/wp\/v2\/posts\/1408","targetHints":{"allow":["GET"]}}],"collection":[{"href":"https:\/\/www.travelita.cz\/index.php?rest_route=\/wp\/v2\/posts"}],"about":[{"href":"https:\/\/www.travelita.cz\/index.php?rest_route=\/wp\/v2\/types\/post"}],"author":[{"embeddable":true,"href":"https:\/\/www.travelita.cz\/index.php?rest_route=\/wp\/v2\/users\/2"}],"replies":[{"embeddable":true,"href":"https:\/\/www.travelita.cz\/index.php?rest_route=%2Fwp%2Fv2%2Fcomments&post=1408"}],"version-history":[{"count":5,"href":"https:\/\/www.travelita.cz\/index.php?rest_route=\/wp\/v2\/posts\/1408\/revisions"}],"predecessor-version":[{"id":1452,"href":"https:\/\/www.travelita.cz\/index.php?rest_route=\/wp\/v2\/posts\/1408\/revisions\/1452"}],"wp:featuredmedia":[{"embeddable":true,"href":"https:\/\/www.travelita.cz\/index.php?rest_route=\/wp\/v2\/media\/1416"}],"wp:attachment":[{"href":"https:\/\/www.travelita.cz\/index.php?rest_route=%2Fwp%2Fv2%2Fmedia&parent=1408"}],"wp:term":[{"taxonomy":"category","embeddable":true,"href":"https:\/\/www.travelita.cz\/index.php?rest_route=%2Fwp%2Fv2%2Fcategories&post=1408"},{"taxonomy":"post_tag","embeddable":true,"href":"https:\/\/www.travelita.cz\/index.php?rest_route=%2Fwp%2Fv2%2Ftags&post=1408"}],"curies":[{"name":"wp","href":"https:\/\/api.w.org\/{rel}","templated":true}]}}