{"id":1359,"date":"2025-11-14T09:05:01","date_gmt":"2025-11-14T08:05:01","guid":{"rendered":"https:\/\/www.travelita.cz\/?p=1359"},"modified":"2025-11-14T09:06:48","modified_gmt":"2025-11-14T08:06:48","slug":"krivoklat-kralovsky-hrad-uprostred-hlubokych-lesu","status":"publish","type":"post","link":"https:\/\/www.travelita.cz\/?p=1359","title":{"rendered":"K\u0159ivokl\u00e1t: Kr\u00e1lovsk\u00fd hrad uprost\u0159ed hlubok\u00fdch les\u016f"},"content":{"rendered":"\n<p>Kdy\u017e se \u0159ekne <strong>K\u0159ivokl\u00e1t<\/strong>, v\u011bt\u0161ina lid\u00ed si vybav\u00ed <strong>malebn\u00fd gotick\u00fd hrad<\/strong>, kter\u00fd se majest\u00e1tn\u011b ty\u010d\u00ed nad \u0159ekou Berounkou, obklopen\u00fd hust\u00fdmi lesy K\u0159ivokl\u00e1tska. Jde o jedno z nejzn\u00e1m\u011bj\u0161\u00edch a nejstar\u0161\u00edch s\u00eddel \u010desk\u00fdch kr\u00e1l\u016f, m\u00edsto s bohatou histori\u00ed, neuv\u011b\u0159itelnou atmosf\u00e9rou a kr\u00e1snou p\u0159\u00edrodou kolem.<\/p>\n\n\n\n<hr class=\"wp-block-separator has-alpha-channel-opacity\"\/>\n\n\n\n<h2 class=\"wp-block-heading\"><strong>Historie hradu K\u0159ivokl\u00e1t: Od st\u0159edov\u011bk\u00e9ho s\u00eddla po n\u00e1rodn\u00ed poklad<\/strong><\/h2>\n\n\n\n<p>K\u0159ivokl\u00e1t pat\u0159\u00ed mezi nejstar\u0161\u00ed a nejv\u00fdznamn\u011bj\u0161\u00ed hrady v \u010cech\u00e1ch. Jeho historie je \u00fazce spjata s \u010desk\u00fdmi kr\u00e1li, \u0161lechtou, loveckou tradic\u00ed a politick\u00fdmi ud\u00e1lostmi st\u0159edov\u011bku i novov\u011bku.<\/p>\n\n\n\n<hr class=\"wp-block-separator has-alpha-channel-opacity\"\/>\n\n\n\n<h4 class=\"wp-block-heading\"><strong>1. Ran\u00fd st\u0159edov\u011bk a zalo\u017een\u00ed hradu<\/strong><\/h4>\n\n\n\n<p>Hrad byl pravd\u011bpodobn\u011b zalo\u017een <strong>ve 12. stolet\u00ed<\/strong> jako kr\u00e1lovsk\u00e9 s\u00eddlo. Jeho strategick\u00e1 poloha nad \u0159ekou Berounkou umo\u017e\u0148ovala <strong>kontrolovat okoln\u00ed krajinu<\/strong>, obchodn\u00ed stezky a p\u0159\u00edstup k les\u016fm bohat\u00fdm na zv\u011b\u0159.<\/p>\n\n\n\n<p>K\u0159ivokl\u00e1t slou\u017eil zejm\u00e9na jako:<\/p>\n\n\n\n<ul class=\"wp-block-list\">\n<li><strong>kr\u00e1lovsk\u00fd loveck\u00fd hrad<\/strong>,<\/li>\n\n\n\n<li><strong>rezidence panovn\u00edk\u016f p\u0159i cest\u00e1ch po \u010cech\u00e1ch<\/strong>,<\/li>\n\n\n\n<li><strong>m\u00edsto pro shroma\u017e\u010fov\u00e1n\u00ed dvora a politick\u00fdch setk\u00e1n\u00ed<\/strong>.<\/li>\n<\/ul>\n\n\n\n<hr class=\"wp-block-separator has-alpha-channel-opacity\"\/>\n\n\n\n<h4 class=\"wp-block-heading\"><strong>2. Zlat\u00fd v\u011bk gotiky<\/strong><\/h4>\n\n\n\n<p>Ve 13. a 14. stolet\u00ed hrad pro\u0161el v\u00fdznamnou <strong>gotickou p\u0159estavbou<\/strong>, zejm\u00e9na za panov\u00e1n\u00ed <strong>Karla IV.<\/strong>, kter\u00fd K\u0159ivokl\u00e1t roz\u0161\u00ed\u0159il a opevnil. Bylo postaveno:<\/p>\n\n\n\n<ul class=\"wp-block-list\">\n<li><strong>hlavn\u00ed hradn\u00ed j\u00e1dro<\/strong>,<\/li>\n\n\n\n<li><strong>hradby a v\u011b\u017ee<\/strong>,<\/li>\n\n\n\n<li><strong>hradn\u00ed kaple<\/strong> s kr\u00e1sn\u00fdmi vitr\u00e1\u017eemi.<\/li>\n<\/ul>\n\n\n\n<p>Hrad byl tak\u00e9 <strong>kr\u00e1lovsk\u00fdm s\u00eddlem b\u011bhem loveck\u00fdch v\u00fdprav<\/strong> a z\u00e1rove\u0148 <strong>m\u00edstem, kde se konaly d\u016fle\u017eit\u00e9 politick\u00e9 sch\u016fzky<\/strong>. D\u00edky tomu z\u00edskal status jednoho z nejv\u00fdznamn\u011bj\u0161\u00edch center \u010desk\u00e9 koruny.<\/p>\n\n\n\n<hr class=\"wp-block-separator has-alpha-channel-opacity\"\/>\n\n\n\n<h4 class=\"wp-block-heading\"><strong>3. Renesan\u010dn\u00ed a barokn\u00ed \u00fapravy<\/strong><\/h4>\n\n\n\n<p>V 16. a 17. stolet\u00ed, kdy se hrad stal majetkem \u0161lechtick\u00fdch rod\u016f, pro\u0161el <strong>renesan\u010dn\u00edmi \u00fapravami<\/strong>. P\u0159ibyly nov\u00e9 obytn\u00e9 \u010d\u00e1sti, okna byla v\u011bt\u0161\u00ed, hradn\u00ed interi\u00e9ry bohat\u011b zdobeny, a vznikly nov\u00e9 z\u00e1meck\u00e9 s\u00e1ly.<\/p>\n\n\n\n<p>V tomto obdob\u00ed slou\u017eil hrad nejen jako s\u00eddlo, ale i jako <strong>m\u00edsto v\u011bzn\u011bn\u00ed v\u00fdznamn\u00fdch osobnost\u00ed<\/strong>. N\u011bkter\u00e9 z celek a sklepen\u00ed se pou\u017e\u00edvaj\u00ed jako expozice i dnes.<\/p>\n\n\n\n<hr class=\"wp-block-separator has-alpha-channel-opacity\"\/>\n\n\n\n<h4 class=\"wp-block-heading\"><strong>4. Hrad jako v\u011bzen\u00ed a kulturn\u00ed pam\u00e1tka<\/strong><\/h4>\n\n\n\n<p>V 17. a 18. stolet\u00ed hrad postupn\u011b ztr\u00e1cel svou strategickou roli a byl vyu\u017e\u00edv\u00e1n \u010d\u00e1ste\u010dn\u011b jako v\u011bzen\u00ed. Po stalet\u00edch ch\u00e1tr\u00e1n\u00ed se koncem 19. stolet\u00ed za\u010dala prvn\u00ed <strong>restaur\u00e1torsk\u00e1 opat\u0159en\u00ed<\/strong>, aby se zachoval historick\u00fd charakter hradu.<\/p>\n\n\n\n<p>Ve 20. stolet\u00ed se K\u0159ivokl\u00e1t stal <strong>n\u00e1rodn\u00ed kulturn\u00ed pam\u00e1tkou<\/strong>, otev\u0159enou ve\u0159ejnosti a slou\u017e\u00edc\u00ed k:<\/p>\n\n\n\n<ul class=\"wp-block-list\">\n<li>expozic\u00edm historick\u00e9ho n\u00e1bytku, zbran\u00ed a trofej\u00ed,<\/li>\n\n\n\n<li>po\u0159\u00e1d\u00e1n\u00ed kulturn\u00edch a historick\u00fdch akc\u00ed,<\/li>\n\n\n\n<li>turistick\u00fdm a vzd\u011bl\u00e1vac\u00edm program\u016fm.<\/li>\n<\/ul>\n\n\n\n<hr class=\"wp-block-separator has-alpha-channel-opacity\"\/>\n\n\n\n<h4 class=\"wp-block-heading\"><strong>5. Legendy a slavn\u00e9 postavy hradu<\/strong><\/h4>\n\n\n\n<p>K\u0159ivokl\u00e1t je spojen\u00fd s mnoha v\u00fdznamn\u00fdmi postavami \u010desk\u00e9 historie:<\/p>\n\n\n\n<ul class=\"wp-block-list\">\n<li><strong>P\u0159emysl Otakar II.<\/strong> \u2013 kr\u00e1l, kter\u00fd st\u00e1l u ran\u00e9ho rozkv\u011btu hradu.<\/li>\n\n\n\n<li><strong>Karel IV.<\/strong> \u2013 kter\u00fd hrad roz\u0161\u00ed\u0159il a opevnil.<\/li>\n\n\n\n<li><strong>Zikmund Lucembursk\u00fd<\/strong> \u2013 pob\u00fdval zde a vyu\u017e\u00edval hrad jako spr\u00e1vn\u00ed centrum.<\/li>\n<\/ul>\n\n\n\n<p>Hrad je tak\u00e9 m\u00edstem mnoha legend \u2013 o <strong>ryt\u00ed\u0159\u00edch, pokladech a tajemn\u00fdch chodb\u00e1ch<\/strong>, kter\u00e9 dod\u00e1vaj\u00ed K\u0159ivokl\u00e1tu kouzelnou atmosf\u00e9ru dodnes.achoval <strong>gotickou architekturu<\/strong>, masivn\u00ed hradby a v\u011b\u017ee, co\u017e z n\u011bj d\u011bl\u00e1 opravdovou historickou perlu.<\/p>\n\n\n\n<hr class=\"wp-block-separator has-alpha-channel-opacity\"\/>\n\n\n\n<h2 class=\"wp-block-heading\"><strong>Co na K\u0159ivokl\u00e1tu nesm\u00edte vynechat<\/strong><\/h2>\n\n\n\n<h5 class=\"wp-block-heading\"><strong>1. Kr\u00e1lovsk\u00e9 apartm\u00e1ny a hradn\u00ed kaple<\/strong><\/h5>\n\n\n\n<p>V hradn\u00edch komnat\u00e1ch se m\u016f\u017eete pod\u00edvat, jak bydleli \u010de\u0161t\u00ed panovn\u00edci a jejich dv\u016fr. Hradn\u00ed kaple je skvostem gotick\u00e9 architektury \u2013 s kr\u00e1sn\u00fdmi vitr\u00e1\u017eemi a starobylou atmosf\u00e9rou.<\/p>\n\n\n\n<h5 class=\"wp-block-heading\"><strong>2. Hradn\u00ed v\u011b\u017ee<\/strong><\/h5>\n\n\n\n<p>V\u00fdstup na v\u011b\u017e odhal\u00ed <strong>\u00fachvatn\u00fd v\u00fdhled<\/strong> na okoln\u00ed lesy, \u0159eku Berounku a st\u0159edov\u011bkou hradn\u00ed architekturu. Ide\u00e1ln\u00ed pro fotografy a milovn\u00edky panoramat.<\/p>\n\n\n\n<h5 class=\"wp-block-heading\"><strong>3. Muzeum K\u0159ivokl\u00e1tu<\/strong><\/h5>\n\n\n\n<p>Expozice ukazuj\u00ed zbran\u011b, loveck\u00e9 trofeje, historick\u00fd n\u00e1bytek a dokumenty o \u017eivot\u011b kr\u00e1l\u016f. P\u0159ibl\u00ed\u017e\u00ed v\u00e1m atmosf\u00e9ru st\u0159edov\u011bk\u00e9ho \u017eivota i v\u00fdznam hradu v \u010desk\u00fdch d\u011bjin\u00e1ch.<\/p>\n\n\n\n<h5 class=\"wp-block-heading\"><strong>4. Hradn\u00ed sklepen\u00ed<\/strong><\/h5>\n\n\n\n<p>Pro milovn\u00edky tajemn\u00fdch m\u00edst jsou otev\u0159en\u00e9 <strong>gotick\u00e9 sklepen\u00ed a v\u011bzen\u00ed<\/strong>, kde se dozv\u00edte o legend\u00e1ch a p\u0159\u00edb\u011bz\u00edch z minulosti.<\/p>\n\n\n\n<hr class=\"wp-block-separator has-alpha-channel-opacity\"\/>\n\n\n\n<h2 class=\"wp-block-heading\"><strong>K\u0159ivokl\u00e1tsk\u00e1 p\u0159\u00edroda<\/strong><\/h2>\n\n\n\n<p>Hrad le\u017e\u00ed uprost\u0159ed <strong>chr\u00e1n\u011bn\u00e9 krajinn\u00e9 oblasti K\u0159ivokl\u00e1tsko<\/strong>, kter\u00e1 je r\u00e1jem pro p\u011b\u0161\u00ed turisty, cyklisty a milovn\u00edky p\u0159\u00edrody. Lesy kolem hradu jsou hust\u00e9 a tajemn\u00e9, pln\u00e9 zv\u011b\u0159e a klidn\u00fdch z\u00e1kout\u00ed. Ide\u00e1ln\u00ed m\u00edsto na <strong>rodinn\u00fd v\u00fdlet<\/strong> i del\u0161\u00ed t\u00fary.<\/p>\n\n\n\n<hr class=\"wp-block-separator has-alpha-channel-opacity\"\/>\n\n\n\n<h2 class=\"wp-block-heading\"><strong>Praktick\u00e9 informace pro n\u00e1v\u0161t\u011bvn\u00edky<\/strong><\/h2>\n\n\n\n<ul class=\"wp-block-list\">\n<li><strong>Vstupn\u00e9<\/strong> \u2013 Hrad nab\u00edz\u00ed n\u011bkolik prohl\u00eddkov\u00fdch okruh\u016f, od rychl\u00e9ho \u201cminihistorick\u00e9ho\u201d po kompletn\u00ed expozici.<\/li>\n\n\n\n<li><strong>Parkov\u00e1n\u00ed<\/strong> \u2013 U hradu jsou parkovi\u0161t\u011b, doporu\u010duje se p\u0159ij\u00edt brzy.<\/li>\n\n\n\n<li><strong>Doprava<\/strong> \u2013 Hrad je dostupn\u00fd autem i vlakem (n\u00e1dra\u017e\u00ed K\u0159ivokl\u00e1t, pak 15 minut p\u011b\u0161ky).<\/li>\n\n\n\n<li><strong>Sez\u00f3na<\/strong> \u2013 Nejkr\u00e1sn\u011bj\u0161\u00ed n\u00e1v\u0161t\u011bva je na ja\u0159e nebo na podzim, kdy okoln\u00ed lesy hraj\u00ed barvami.<\/li>\n<\/ul>\n\n\n\n<hr class=\"wp-block-separator has-alpha-channel-opacity\"\/>\n\n\n\n<h2 class=\"wp-block-heading\"><strong>Pro\u010d se sem vr\u00e1tit<\/strong><\/h2>\n\n\n\n<p>K\u0159ivokl\u00e1t nen\u00ed jen historick\u00fd hrad. Je to <strong>m\u00edsto s du\u0161\u00ed<\/strong>, kde se snoub\u00ed kr\u00e1lovsk\u00e1 historie, gotick\u00e1 architektura a n\u00e1dhern\u00e1 p\u0159\u00edroda. Ka\u017ed\u00fd kout m\u00e1 sv\u016fj p\u0159\u00edb\u011bh \u2013 od loveck\u00fdch komnat po hradn\u00ed sklepen\u00ed. A\u0165 u\u017e jste milovn\u00edk historie, turistiky nebo jen hled\u00e1te inspiraci na v\u00edkendov\u00fd v\u00fdlet, K\u0159ivokl\u00e1t v\u00e1s nenech\u00e1 chladn\u00fdmi.<\/p>\n\n\n\n<figure class=\"wp-block-gallery has-nested-images columns-default is-cropped wp-block-gallery-1 is-layout-flex wp-block-gallery-is-layout-flex\">\n<figure class=\"wp-block-image size-large\"><img loading=\"lazy\" decoding=\"async\" width=\"768\" height=\"1024\" data-id=\"1360\" src=\"https:\/\/www.travelita.cz\/wp-content\/uploads\/2025\/11\/P1000555-768x1024.jpg\" alt=\"\" class=\"wp-image-1360\" srcset=\"https:\/\/www.travelita.cz\/wp-content\/uploads\/2025\/11\/P1000555-768x1024.jpg 768w, https:\/\/www.travelita.cz\/wp-content\/uploads\/2025\/11\/P1000555-225x300.jpg 225w, https:\/\/www.travelita.cz\/wp-content\/uploads\/2025\/11\/P1000555-1152x1536.jpg 1152w, https:\/\/www.travelita.cz\/wp-content\/uploads\/2025\/11\/P1000555-1536x2048.jpg 1536w, https:\/\/www.travelita.cz\/wp-content\/uploads\/2025\/11\/P1000555-90x120.jpg 90w, https:\/\/www.travelita.cz\/wp-content\/uploads\/2025\/11\/P1000555-450x600.jpg 450w, https:\/\/www.travelita.cz\/wp-content\/uploads\/2025\/11\/P1000555-375x500.jpg 375w, https:\/\/www.travelita.cz\/wp-content\/uploads\/2025\/11\/P1000555-rotated.jpg 1920w\" sizes=\"auto, (max-width: 768px) 100vw, 768px\" \/><\/figure>\n\n\n\n<figure class=\"wp-block-image size-large\"><img loading=\"lazy\" decoding=\"async\" width=\"768\" height=\"1024\" data-id=\"1362\" src=\"https:\/\/www.travelita.cz\/wp-content\/uploads\/2025\/11\/P1000556-768x1024.jpg\" alt=\"\" class=\"wp-image-1362\" srcset=\"https:\/\/www.travelita.cz\/wp-content\/uploads\/2025\/11\/P1000556-768x1024.jpg 768w, https:\/\/www.travelita.cz\/wp-content\/uploads\/2025\/11\/P1000556-225x300.jpg 225w, https:\/\/www.travelita.cz\/wp-content\/uploads\/2025\/11\/P1000556-1152x1536.jpg 1152w, https:\/\/www.travelita.cz\/wp-content\/uploads\/2025\/11\/P1000556-1536x2048.jpg 1536w, https:\/\/www.travelita.cz\/wp-content\/uploads\/2025\/11\/P1000556-90x120.jpg 90w, https:\/\/www.travelita.cz\/wp-content\/uploads\/2025\/11\/P1000556-450x600.jpg 450w, https:\/\/www.travelita.cz\/wp-content\/uploads\/2025\/11\/P1000556-375x500.jpg 375w, https:\/\/www.travelita.cz\/wp-content\/uploads\/2025\/11\/P1000556-rotated.jpg 1920w\" sizes=\"auto, (max-width: 768px) 100vw, 768px\" \/><\/figure>\n\n\n\n<figure class=\"wp-block-image size-large\"><img loading=\"lazy\" decoding=\"async\" width=\"768\" height=\"1024\" data-id=\"1361\" src=\"https:\/\/www.travelita.cz\/wp-content\/uploads\/2025\/11\/P1000559-768x1024.jpg\" alt=\"\" class=\"wp-image-1361\" srcset=\"https:\/\/www.travelita.cz\/wp-content\/uploads\/2025\/11\/P1000559-768x1024.jpg 768w, https:\/\/www.travelita.cz\/wp-content\/uploads\/2025\/11\/P1000559-225x300.jpg 225w, https:\/\/www.travelita.cz\/wp-content\/uploads\/2025\/11\/P1000559-1152x1536.jpg 1152w, https:\/\/www.travelita.cz\/wp-content\/uploads\/2025\/11\/P1000559-1536x2048.jpg 1536w, https:\/\/www.travelita.cz\/wp-content\/uploads\/2025\/11\/P1000559-90x120.jpg 90w, https:\/\/www.travelita.cz\/wp-content\/uploads\/2025\/11\/P1000559-450x600.jpg 450w, https:\/\/www.travelita.cz\/wp-content\/uploads\/2025\/11\/P1000559-375x500.jpg 375w, https:\/\/www.travelita.cz\/wp-content\/uploads\/2025\/11\/P1000559-rotated.jpg 1920w\" sizes=\"auto, (max-width: 768px) 100vw, 768px\" \/><\/figure>\n<\/figure>\n\n\n\n<figure class=\"wp-block-gallery has-nested-images columns-default is-cropped wp-block-gallery-2 is-layout-flex wp-block-gallery-is-layout-flex\">\n<figure class=\"wp-block-image size-large\"><img loading=\"lazy\" decoding=\"async\" width=\"768\" height=\"1024\" data-id=\"1363\" src=\"https:\/\/www.travelita.cz\/wp-content\/uploads\/2025\/11\/P1000564-768x1024.jpg\" alt=\"\" class=\"wp-image-1363\" srcset=\"https:\/\/www.travelita.cz\/wp-content\/uploads\/2025\/11\/P1000564-768x1024.jpg 768w, https:\/\/www.travelita.cz\/wp-content\/uploads\/2025\/11\/P1000564-225x300.jpg 225w, https:\/\/www.travelita.cz\/wp-content\/uploads\/2025\/11\/P1000564-1152x1536.jpg 1152w, https:\/\/www.travelita.cz\/wp-content\/uploads\/2025\/11\/P1000564-1536x2048.jpg 1536w, https:\/\/www.travelita.cz\/wp-content\/uploads\/2025\/11\/P1000564-90x120.jpg 90w, https:\/\/www.travelita.cz\/wp-content\/uploads\/2025\/11\/P1000564-450x600.jpg 450w, https:\/\/www.travelita.cz\/wp-content\/uploads\/2025\/11\/P1000564-375x500.jpg 375w, https:\/\/www.travelita.cz\/wp-content\/uploads\/2025\/11\/P1000564-rotated.jpg 1920w\" sizes=\"auto, (max-width: 768px) 100vw, 768px\" \/><\/figure>\n\n\n\n<figure class=\"wp-block-image size-large\"><img loading=\"lazy\" decoding=\"async\" width=\"768\" height=\"1024\" data-id=\"1365\" src=\"https:\/\/www.travelita.cz\/wp-content\/uploads\/2025\/11\/P1000575-768x1024.jpg\" alt=\"\" class=\"wp-image-1365\" srcset=\"https:\/\/www.travelita.cz\/wp-content\/uploads\/2025\/11\/P1000575-768x1024.jpg 768w, https:\/\/www.travelita.cz\/wp-content\/uploads\/2025\/11\/P1000575-225x300.jpg 225w, https:\/\/www.travelita.cz\/wp-content\/uploads\/2025\/11\/P1000575-1152x1536.jpg 1152w, https:\/\/www.travelita.cz\/wp-content\/uploads\/2025\/11\/P1000575-1536x2048.jpg 1536w, https:\/\/www.travelita.cz\/wp-content\/uploads\/2025\/11\/P1000575-90x120.jpg 90w, https:\/\/www.travelita.cz\/wp-content\/uploads\/2025\/11\/P1000575-450x600.jpg 450w, https:\/\/www.travelita.cz\/wp-content\/uploads\/2025\/11\/P1000575-375x500.jpg 375w, https:\/\/www.travelita.cz\/wp-content\/uploads\/2025\/11\/P1000575-rotated.jpg 1920w\" sizes=\"auto, (max-width: 768px) 100vw, 768px\" \/><\/figure>\n\n\n\n<figure class=\"wp-block-image size-large\"><img loading=\"lazy\" decoding=\"async\" width=\"768\" height=\"1024\" data-id=\"1364\" src=\"https:\/\/www.travelita.cz\/wp-content\/uploads\/2025\/11\/P1000576-768x1024.jpg\" alt=\"\" class=\"wp-image-1364\" srcset=\"https:\/\/www.travelita.cz\/wp-content\/uploads\/2025\/11\/P1000576-768x1024.jpg 768w, https:\/\/www.travelita.cz\/wp-content\/uploads\/2025\/11\/P1000576-225x300.jpg 225w, https:\/\/www.travelita.cz\/wp-content\/uploads\/2025\/11\/P1000576-1152x1536.jpg 1152w, https:\/\/www.travelita.cz\/wp-content\/uploads\/2025\/11\/P1000576-1536x2048.jpg 1536w, https:\/\/www.travelita.cz\/wp-content\/uploads\/2025\/11\/P1000576-90x120.jpg 90w, https:\/\/www.travelita.cz\/wp-content\/uploads\/2025\/11\/P1000576-450x600.jpg 450w, https:\/\/www.travelita.cz\/wp-content\/uploads\/2025\/11\/P1000576-375x500.jpg 375w, https:\/\/www.travelita.cz\/wp-content\/uploads\/2025\/11\/P1000576-rotated.jpg 1920w\" sizes=\"auto, (max-width: 768px) 100vw, 768px\" \/><\/figure>\n<\/figure>\n\n\n\n<figure class=\"wp-block-gallery has-nested-images columns-default is-cropped wp-block-gallery-3 is-layout-flex wp-block-gallery-is-layout-flex\"><\/figure>\n","protected":false},"excerpt":{"rendered":"<p>Kdy\u017e se \u0159ekne K\u0159ivokl\u00e1t, v\u011bt\u0161ina lid\u00ed si vybav\u00ed malebn\u00fd gotick\u00fd hrad, kter\u00fd se majest\u00e1tn\u011b ty\u010d\u00ed nad \u0159ekou Berounkou, obklopen\u00fd hust\u00fdmi lesy K\u0159ivokl\u00e1tska. Jde o jedno z nejzn\u00e1m\u011bj\u0161\u00edch a nejstar\u0161\u00edch s\u00eddel \u010desk\u00fdch kr\u00e1l\u016f, m\u00edsto s bohatou histori\u00ed, neuv\u011b\u0159itelnou atmosf\u00e9rou a kr\u00e1snou p\u0159\u00edrodou kolem. Historie hradu K\u0159ivokl\u00e1t: Od st\u0159edov\u011bk\u00e9ho s\u00eddla po n\u00e1rodn\u00ed poklad K\u0159ivokl\u00e1t pat\u0159\u00ed&#8230;<\/p>\n","protected":false},"author":2,"featured_media":1367,"comment_status":"open","ping_status":"open","sticky":false,"template":"","format":"standard","meta":{"_eb_attr":"","footnotes":""},"categories":[9],"tags":[105,109],"class_list":["post-1359","post","type-post","status-publish","format-standard","has-post-thumbnail","hentry","category-ceska-republika","tag-ceska-republika","tag-krivoklat"],"rttpg_featured_image_url":{"full":["https:\/\/www.travelita.cz\/wp-content\/uploads\/2025\/11\/czech-republic-2701167_1280.jpg",1280,853,false],"landscape":["https:\/\/www.travelita.cz\/wp-content\/uploads\/2025\/11\/czech-republic-2701167_1280.jpg",1280,853,false],"portraits":["https:\/\/www.travelita.cz\/wp-content\/uploads\/2025\/11\/czech-republic-2701167_1280.jpg",1280,853,false],"thumbnail":["https:\/\/www.travelita.cz\/wp-content\/uploads\/2025\/11\/czech-republic-2701167_1280-150x150.jpg",150,150,true],"medium":["https:\/\/www.travelita.cz\/wp-content\/uploads\/2025\/11\/czech-republic-2701167_1280-300x200.jpg",300,200,true],"large":["https:\/\/www.travelita.cz\/wp-content\/uploads\/2025\/11\/czech-republic-2701167_1280-1024x682.jpg",690,460,true],"1536x1536":["https:\/\/www.travelita.cz\/wp-content\/uploads\/2025\/11\/czech-republic-2701167_1280.jpg",1280,853,false],"2048x2048":["https:\/\/www.travelita.cz\/wp-content\/uploads\/2025\/11\/czech-republic-2701167_1280.jpg",1280,853,false],"appetizo-random-thumb":["https:\/\/www.travelita.cz\/wp-content\/uploads\/2025\/11\/czech-republic-2701167_1280-450x450.jpg",450,450,true],"appetizo-thumb":["https:\/\/www.travelita.cz\/wp-content\/uploads\/2025\/11\/czech-republic-2701167_1280-180x120.jpg",180,120,true],"post-thumbnail":["https:\/\/www.travelita.cz\/wp-content\/uploads\/2025\/11\/czech-republic-2701167_1280-150x150.jpg",150,150,true],"appetizo-large-image":["https:\/\/www.travelita.cz\/wp-content\/uploads\/2025\/11\/czech-republic-2701167_1280.jpg",1280,853,false],"appetizo-medium-image":["https:\/\/www.travelita.cz\/wp-content\/uploads\/2025\/11\/czech-republic-2701167_1280-900x600.jpg",900,600,true],"appetizo-small-image":["https:\/\/www.travelita.cz\/wp-content\/uploads\/2025\/11\/czech-republic-2701167_1280-715x476.jpg",715,476,true]},"rttpg_author":{"display_name":"Simona Procklov\u00e1","author_link":"https:\/\/www.travelita.cz\/?author=2"},"rttpg_comment":0,"rttpg_category":"<a href=\"https:\/\/www.travelita.cz\/?cat=9\" rel=\"category\">\u010cesk\u00e1 republika<\/a>","rttpg_excerpt":"Kdy\u017e se \u0159ekne K\u0159ivokl\u00e1t, v\u011bt\u0161ina lid\u00ed si vybav\u00ed malebn\u00fd gotick\u00fd hrad, kter\u00fd se majest\u00e1tn\u011b ty\u010d\u00ed nad \u0159ekou Berounkou, obklopen\u00fd hust\u00fdmi lesy K\u0159ivokl\u00e1tska. Jde o jedno z nejzn\u00e1m\u011bj\u0161\u00edch a nejstar\u0161\u00edch s\u00eddel \u010desk\u00fdch kr\u00e1l\u016f, m\u00edsto s bohatou histori\u00ed, neuv\u011b\u0159itelnou atmosf\u00e9rou a kr\u00e1snou p\u0159\u00edrodou kolem. Historie hradu K\u0159ivokl\u00e1t: Od st\u0159edov\u011bk\u00e9ho s\u00eddla po n\u00e1rodn\u00ed poklad K\u0159ivokl\u00e1t pat\u0159\u00ed...","_links":{"self":[{"href":"https:\/\/www.travelita.cz\/index.php?rest_route=\/wp\/v2\/posts\/1359","targetHints":{"allow":["GET"]}}],"collection":[{"href":"https:\/\/www.travelita.cz\/index.php?rest_route=\/wp\/v2\/posts"}],"about":[{"href":"https:\/\/www.travelita.cz\/index.php?rest_route=\/wp\/v2\/types\/post"}],"author":[{"embeddable":true,"href":"https:\/\/www.travelita.cz\/index.php?rest_route=\/wp\/v2\/users\/2"}],"replies":[{"embeddable":true,"href":"https:\/\/www.travelita.cz\/index.php?rest_route=%2Fwp%2Fv2%2Fcomments&post=1359"}],"version-history":[{"count":3,"href":"https:\/\/www.travelita.cz\/index.php?rest_route=\/wp\/v2\/posts\/1359\/revisions"}],"predecessor-version":[{"id":1369,"href":"https:\/\/www.travelita.cz\/index.php?rest_route=\/wp\/v2\/posts\/1359\/revisions\/1369"}],"wp:featuredmedia":[{"embeddable":true,"href":"https:\/\/www.travelita.cz\/index.php?rest_route=\/wp\/v2\/media\/1367"}],"wp:attachment":[{"href":"https:\/\/www.travelita.cz\/index.php?rest_route=%2Fwp%2Fv2%2Fmedia&parent=1359"}],"wp:term":[{"taxonomy":"category","embeddable":true,"href":"https:\/\/www.travelita.cz\/index.php?rest_route=%2Fwp%2Fv2%2Fcategories&post=1359"},{"taxonomy":"post_tag","embeddable":true,"href":"https:\/\/www.travelita.cz\/index.php?rest_route=%2Fwp%2Fv2%2Ftags&post=1359"}],"curies":[{"name":"wp","href":"https:\/\/api.w.org\/{rel}","templated":true}]}}