{"id":1319,"date":"2025-11-13T10:34:43","date_gmt":"2025-11-13T09:34:43","guid":{"rendered":"https:\/\/www.travelita.cz\/?p=1319"},"modified":"2025-11-13T10:35:14","modified_gmt":"2025-11-13T09:35:14","slug":"kutna-hora-mesto-ktere-zbohatlo-na-stribre-a-zije-z-historie","status":"publish","type":"post","link":"https:\/\/www.travelita.cz\/?p=1319","title":{"rendered":"Kutn\u00e1 Hora: M\u011bsto, kter\u00e9 zbohatlo na st\u0159\u00edb\u0159e a \u017eije z historie"},"content":{"rendered":"\n<p>Kutn\u00e1 Hora pat\u0159\u00ed mezi nejzn\u00e1m\u011bj\u0161\u00ed historick\u00e1 m\u011bsta v \u010cesku. Le\u017e\u00ed asi 70 kilometr\u016f v\u00fdchodn\u011b od Prahy, a i kdy\u017e u\u017e d\u00e1vno nen\u00ed t\u00edm, \u010d\u00edm b\u00fdvala ve st\u0159edov\u011bku, jej\u00ed minulost je natolik siln\u00e1, \u017ee st\u00e1le ur\u010duje jej\u00ed charakter i sou\u010dasnost.<\/p>\n\n\n\n<h3 class=\"wp-block-heading\">Kdy\u017e se ze zem\u011b sypalo st\u0159\u00edbro<\/h3>\n\n\n\n<p>Ve 13. stolet\u00ed se v okol\u00ed dne\u0161n\u00ed Kutn\u00e9 Hory objevila bohat\u00e1 lo\u017eiska st\u0159\u00edbra. To byl okam\u017eik, kter\u00fd doslova zm\u011bnil d\u011bjiny m\u011bsta i cel\u00e9 zem\u011b. Kutn\u00e1 Hora se stala druh\u00fdm nejd\u016fle\u017eit\u011bj\u0161\u00edm m\u011bstem \u010cesk\u00e9ho kr\u00e1lovstv\u00ed \u2013 hned po Praze. Zdej\u0161\u00ed doly z\u00e1sobovaly kr\u00e1lovskou pokladnu a p\u0159itahovaly horn\u00edky, obchodn\u00edky i cizince.<\/p>\n\n\n\n<p>V roce 1300 vydal kr\u00e1l V\u00e1clav II. tzv. <strong>horn\u00ed z\u00e1kon\u00edk Ius regale montanorum<\/strong>, kter\u00fd upravoval t\u011b\u017ebu st\u0159\u00edbra a pr\u00e1va horn\u00edk\u016f. M\u011bsto tehdy za\u017e\u00edvalo skute\u010dn\u00fd rozkv\u011bt \u2013 z Kutn\u00e9 Hory \u0161ly pen\u00edze, kter\u00e9 financovaly hrady, v\u00e1lky i kr\u00e1lovsk\u00e9 projekty.<\/p>\n\n\n\n<h3 class=\"wp-block-heading\">Chr\u00e1m svat\u00e9 Barbory a pam\u00e1tky, kter\u00e9 d\u00fdchaj\u00ed minulost\u00ed<\/h3>\n\n\n\n<p>Symbolem m\u011bsta je bezesporu <strong>chr\u00e1m svat\u00e9 Barbory<\/strong>, patronky horn\u00edk\u016f. Stavba trvala p\u0159es 500 let \u2013 za\u010dala kolem roku 1388 a dokon\u010dena byla a\u017e v 19. stolet\u00ed. Je to jedna z nejkr\u00e1sn\u011bj\u0161\u00edch gotick\u00fdch staveb v \u010cesku a d\u016fvod, pro\u010d je Kutn\u00e1 Hora na seznamu <strong>UNESCO<\/strong> (spolu s kostelem sv. Jana Nepomuck\u00e9ho na Zelen\u00e9 Ho\u0159e).<\/p>\n\n\n\n<p>Dal\u0161\u00ed ikonou je <strong>kostnice v Sedlci<\/strong>, jen p\u00e1r minut od centra. V jej\u00edm interi\u00e9ru se nach\u00e1z\u00ed v\u00fdzdoba z kost\u00ed zhruba 40 000 lid\u00ed \u2013 lebky, k\u0159\u00ed\u017ee, dokonce i lustr. Je to mraziv\u00e1, ale fascinuj\u00edc\u00ed p\u0159ipom\u00ednka st\u0159edov\u011bku a morov\u00fdch epidemi\u00ed.<\/p>\n\n\n\n<h2 class=\"wp-block-heading\">Chr\u00e1m svat\u00e9 Barbory \u2013 srdce Kutn\u00e9 Hory a mistrovsk\u00e9 d\u00edlo gotiky<\/h2>\n\n\n\n<p>Chr\u00e1m svat\u00e9 Barbory nen\u00ed jen hlavn\u00ed dominantou Kutn\u00e9 Hory, ale tak\u00e9 d\u016fkazem, co dok\u00e1zalo m\u011bsto vybudovat v dob\u011b, kdy bohatlo na st\u0159\u00edb\u0159e. Je to chr\u00e1m, kter\u00fd vznikl z hrdosti, v\u00edry i bohatstv\u00ed \u2014 a p\u0159esto\u017ee jeho stavba trvala v\u00edc ne\u017e p\u016fl tis\u00edcilet\u00ed, dodnes p\u016fsob\u00ed naprosto jednotn\u011b a majest\u00e1tn\u011b.<\/p>\n\n\n\n<h3 class=\"wp-block-heading\">Patrona horn\u00edk\u016f a symbol identity m\u011bsta<\/h3>\n\n\n\n<p>Svat\u00e1 Barbora byla u\u017e od st\u0159edov\u011bku patronkou horn\u00edk\u016f. Kutnohor\u0161t\u00ed hav\u00ed\u0159i ji uct\u00edvali jako ochr\u00e1nkyni p\u0159ed ne\u0161t\u011bst\u00edm v dolech \u2014 a pr\u00e1v\u011b j\u00ed zasv\u011btili sv\u016fj nejv\u011bt\u0161\u00ed chr\u00e1m. P\u016fvodn\u00ed z\u00e1m\u011br byl jasn\u00fd: postavit chr\u00e1m, kter\u00fd by se mohl m\u011b\u0159it s pra\u017eskou katedr\u00e1lou sv. V\u00edta.<\/p>\n\n\n\n<h3 class=\"wp-block-heading\">Stalet\u00ed v\u00fdstavby<\/h3>\n\n\n\n<p>Z\u00e1kladn\u00ed k\u00e1men byl polo\u017een kolem <strong>roku 1388<\/strong>. Stavbu vedl <strong>architekt Jan Parl\u00e9\u0159<\/strong>, syn slavn\u00e9ho Petra Parl\u00e9\u0159e, kter\u00fd projektoval sv. V\u00edta. Prvn\u00ed f\u00e1ze stavby trvala do husitsk\u00fdch v\u00e1lek, kdy se pr\u00e1ce p\u0159eru\u0161ily.<\/p>\n\n\n\n<p>Po v\u00e1lk\u00e1ch pokra\u010dovala v\u00fdstavba postupn\u011b, podle finan\u010dn\u00edch mo\u017enost\u00ed m\u011bsta. Doly za\u010daly vyd\u00e1vat m\u00e9n\u011b st\u0159\u00edbra, a t\u00edm ub\u00fdvaly i pen\u00edze na stavbu. P\u0159esto se na chr\u00e1mu pod\u00edleli \u0161pi\u010dkov\u00ed stavitel\u00e9 sv\u00e9 doby, nap\u0159\u00edklad <strong>Mat\u011bj Rejsek<\/strong> (autor Pra\u0161n\u00e9 br\u00e1ny v Praze) a pozd\u011bji <strong>Benedikt Rejt<\/strong>, kter\u00fd mu dal charakteristickou pozdn\u011b gotickou podobu s t\u0159emi vysok\u00fdmi stanov\u00fdmi st\u0159echami a proslul\u00fdmi op\u011brn\u00fdmi oblouky.<\/p>\n\n\n\n<p>Definitivn\u011b byl chr\u00e1m dokon\u010den a\u017e <strong>v 19. stolet\u00ed<\/strong>, kdy byla dostav\u011bna z\u00e1padn\u00ed \u010d\u00e1st podle n\u00e1vrhu Josefa Mockera a Ludv\u00edka L\u00e1blera. Ti se sna\u017eili ct\u00edt p\u016fvodn\u00ed gotick\u00fd styl, tak\u017ee laik by dnes jen t\u011b\u017eko poznal, \u017ee mezi prvn\u00edmi a posledn\u00edmi kameny d\u011bl\u00ed p\u011bt stolet\u00ed.<\/p>\n\n\n\n<h3 class=\"wp-block-heading\">Architektura, kter\u00e1 bere dech<\/h3>\n\n\n\n<p>Chr\u00e1m svat\u00e9 Barbory je vrcholn\u00e9 d\u00edlo <strong>st\u0159edoevropsk\u00e9 pozdn\u00ed gotiky<\/strong>. Zven\u010d\u00ed zaujme p\u0159edev\u0161\u00edm trojice \u0161t\u00edhl\u00fdch v\u011b\u017e\u00ed a s\u00ed\u0165 op\u011brn\u00fdch oblouk\u016f, kter\u00e9 jako kamenn\u00e9 v\u011btve obj\u00edmaj\u00ed celou stavbu. Uvnit\u0159 je prostor sv\u011btl\u00fd a vzdu\u0161n\u00fd, s vysok\u00fdmi klenbami, kter\u00e9 se rozv\u011btvuj\u00ed do slo\u017eit\u00fdch vzor\u016f.<\/p>\n\n\n\n<p>Zvl\u00e1\u0161tnost\u00ed je i <strong>n\u00e1m\u011bt v\u00fdzdoby<\/strong> \u2013 krom\u011b biblick\u00fdch motiv\u016f tu najde\u0161 i <strong>malby s hornick\u00fdmi sc\u00e9nami<\/strong>. To bylo na svou dobu neobvykl\u00e9: v chr\u00e1mu se zobrazovala pr\u00e1ce oby\u010dejn\u00fdch lid\u00ed. Tyto fresky jsou dnes jedine\u010dn\u00fdm dokladem ka\u017edodenn\u00edho \u017eivota st\u0159edov\u011bk\u00fdch horn\u00edk\u016f.<\/p>\n\n\n\n<h3 class=\"wp-block-heading\">V\u00fdhled, kter\u00fd stoj\u00ed za to<\/h3>\n\n\n\n<p>Chr\u00e1m stoj\u00ed na skalnat\u00e9m ostrohu nad \u00fadol\u00edm \u0159\u00ed\u010dky Vrchlice. Z ochozu p\u0159ed chr\u00e1mem je <strong>jeden z nejkr\u00e1sn\u011bj\u0161\u00edch v\u00fdhled\u016f v \u010cesku<\/strong> \u2013 na st\u0159echy Kutn\u00e9 Hory, Vla\u0161sk\u00fd dv\u016fr a d\u00e1l do \u00fadol\u00ed, kde kdysi b\u00fdvaly doly.<\/p>\n\n\n\n<p>Okol\u00ed chr\u00e1mu tvo\u0159\u00ed <strong>jezuitsk\u00e1 kolej<\/strong> a <strong>socha\u0159sk\u00e1 galerie svat\u00fdch<\/strong> pod\u00e9l barokn\u00ed cesty, kter\u00e1 trochu p\u0159ipom\u00edn\u00e1 Karl\u016fv most. Cel\u00e9 m\u00edsto p\u016fsob\u00ed jako kompaktn\u00ed historick\u00fd celek \u2013 od gotiky po baroko.<\/p>\n\n\n\n<h3 class=\"wp-block-heading\">Chr\u00e1m dnes<\/h3>\n\n\n\n<p>Dnes je svat\u00e1 Barbora nejen pam\u00e1tkou UNESCO, ale i \u017eiv\u00fdm prostorem. Konaj\u00ed se tu <strong>koncerty, v\u00fdstavy, m\u0161e i svatby<\/strong>. P\u0159esto\u017ee u\u017e d\u00e1vno neslou\u017e\u00ed horn\u00edk\u016fm, z\u016fst\u00e1v\u00e1 symbolem m\u011bsta a d\u016fkazem, \u017ee i lidsk\u00e1 vytrvalost m\u016f\u017ee p\u0159ekonat stalet\u00ed.<\/p>\n\n\n\n<hr class=\"wp-block-separator has-alpha-channel-opacity\"\/>\n\n\n\n<p>\ud83d\udd4d <strong>Zaj\u00edmavost:<\/strong><\/p>\n\n\n\n<ul class=\"wp-block-list\">\n<li>Chr\u00e1m m\u011bl p\u016fvodn\u011b st\u00e1t mimo m\u011bstsk\u00e9 hradby \u2013 na \u00fazem\u00ed, kter\u00e9 pat\u0159ilo cisterci\u00e1k\u016fm ze Sedlce. M\u011b\u0161\u0165an\u00e9 ale cht\u011bli sv\u016fj \u201evlastn\u00ed\u201c svatost\u00e1nek, a tak ho postavili <strong>na hranici m\u011bsta<\/strong> \u2013 symbolicky i doslova mezi sv\u011btsk\u00fdm bohatstv\u00edm a v\u00edrou.<\/li>\n\n\n\n<li>Pokud se pod\u00edv\u00e1\u0161 pozorn\u011b, uvid\u00ed\u0161 ve v\u00fdzdob\u011b chr\u00e1mu i <strong>znaky hornick\u00fdch cech\u016f<\/strong> a n\u00e1stroje \u2013 krump\u00e1\u010de, klad\u00edvka i vozy na rudu.<\/li>\n<\/ul>\n\n\n\n<h3 class=\"wp-block-heading\">M\u011bsto sl\u00e1vy i \u00fapadku<\/h3>\n\n\n\n<p>Jak rychle Kutn\u00e1 Hora zbohatla, tak rychle za\u010dala upadat. V 16. stolet\u00ed byly doly vyt\u011b\u017eeny, st\u0159\u00edbra ub\u00fdvalo a s n\u00edm i sl\u00e1va m\u011bsta. Po t\u0159icetilet\u00e9 v\u00e1lce ztratila Kutn\u00e1 Hora sv\u016fj v\u00fdznam a zm\u011bnila se z bohat\u00e9ho centra kr\u00e1lovstv\u00ed v provin\u010dn\u00ed m\u011bsto.<\/p>\n\n\n\n<p>Dnes tu u\u017e st\u0159\u00edbro nikdo net\u011b\u017e\u00ed, ale doly z\u016fstaly \u2013 p\u0159\u00edstupn\u00e9 jako <strong>st\u0159edov\u011bk\u00e9 st\u0159\u00edbrn\u00e9 \u0161toly<\/strong> v \u010cesk\u00e9m muzeu st\u0159\u00edbra. Kdo se jimi vyd\u00e1, za\u017eije autentickou, trochu klaustrofobn\u00ed atmosf\u00e9ru hornick\u00e9ho \u017eivota.<\/p>\n\n\n\n<h3 class=\"wp-block-heading\">Sou\u010dasn\u00e1 Kutn\u00e1 Hora: historie versus realita<\/h3>\n\n\n\n<p>Dne\u0161n\u00ed Kutn\u00e1 Hora je m\u011bsto s p\u0159ibli\u017en\u011b 20 000 obyvateli. \u017divot tu plyne pomaleji ne\u017e v Praze \u2013 turismus je hlavn\u00ed zdroj p\u0159\u00edjm\u016f, ale m\u011bsto se pot\u00fdk\u00e1 s b\u011b\u017en\u00fdmi probl\u00e9my men\u0161\u00edch region\u016f: odliv mlad\u00fdch lid\u00ed, drah\u00e1 \u00fadr\u017eba pam\u00e1tek a m\u00e1lo pracovn\u00edch p\u0159\u00edle\u017eitost\u00ed mimo sez\u00f3nu.<\/p>\n\n\n\n<p>P\u0159esto m\u00e1 Kutn\u00e1 Hora svoje kouzlo. Nen\u00ed to muzeum, ale \u017eiv\u00e9 m\u011bsto, kter\u00e9 si uchovalo svou du\u0161i. Kdy\u017e projdete \u00fazk\u00fdmi uli\u010dkami kolem Vla\u0161sk\u00e9ho dvora, kde se kdysi razily \u010desk\u00e9 gro\u0161e, nebo si d\u00e1te k\u00e1vu s v\u00fdhledem na chr\u00e1m sv. Barbory, pochop\u00edte, pro\u010d si ji lid\u00e9 zamilovali.<\/p>\n\n\n\n<hr class=\"wp-block-separator has-alpha-channel-opacity\"\/>\n\n\n\n<p><strong>Shrnut\u00ed:<\/strong><br>Kutn\u00e1 Hora nen\u00ed jen turistick\u00e1 atrakce \u2013 je to p\u0159\u00edb\u011bh o vzestupu, bohatstv\u00ed a p\u00e1du. M\u011bsto, kter\u00e9 dalo \u010desk\u00e9mu kr\u00e1lovstv\u00ed st\u0159\u00edbro a Evrop\u011b d\u016fkaz, \u017ee i mal\u00e9 m\u00edsto m\u016f\u017ee ps\u00e1t velk\u00e9 d\u011bjiny.<\/p>\n\n\n\n<figure class=\"wp-block-gallery has-nested-images columns-default is-cropped wp-block-gallery-1 is-layout-flex wp-block-gallery-is-layout-flex\">\n<figure class=\"wp-block-image size-large\"><img loading=\"lazy\" decoding=\"async\" width=\"1024\" height=\"683\" data-id=\"1321\" src=\"https:\/\/www.travelita.cz\/wp-content\/uploads\/2025\/11\/DSC09170-1024x683.jpg\" alt=\"\" class=\"wp-image-1321\" srcset=\"https:\/\/www.travelita.cz\/wp-content\/uploads\/2025\/11\/DSC09170-1024x683.jpg 1024w, https:\/\/www.travelita.cz\/wp-content\/uploads\/2025\/11\/DSC09170-300x200.jpg 300w, https:\/\/www.travelita.cz\/wp-content\/uploads\/2025\/11\/DSC09170-768x512.jpg 768w, https:\/\/www.travelita.cz\/wp-content\/uploads\/2025\/11\/DSC09170-1536x1024.jpg 1536w, https:\/\/www.travelita.cz\/wp-content\/uploads\/2025\/11\/DSC09170-2048x1365.jpg 2048w, https:\/\/www.travelita.cz\/wp-content\/uploads\/2025\/11\/DSC09170-180x120.jpg 180w, https:\/\/www.travelita.cz\/wp-content\/uploads\/2025\/11\/DSC09170-900x600.jpg 900w, https:\/\/www.travelita.cz\/wp-content\/uploads\/2025\/11\/DSC09170-715x477.jpg 715w\" sizes=\"auto, (max-width: 1024px) 100vw, 1024px\" \/><\/figure>\n\n\n\n<figure class=\"wp-block-image size-large\"><img loading=\"lazy\" decoding=\"async\" width=\"1024\" height=\"683\" data-id=\"1323\" src=\"https:\/\/www.travelita.cz\/wp-content\/uploads\/2025\/11\/DSC09179-1-1024x683.jpg\" alt=\"\" class=\"wp-image-1323\" srcset=\"https:\/\/www.travelita.cz\/wp-content\/uploads\/2025\/11\/DSC09179-1-1024x683.jpg 1024w, https:\/\/www.travelita.cz\/wp-content\/uploads\/2025\/11\/DSC09179-1-300x200.jpg 300w, https:\/\/www.travelita.cz\/wp-content\/uploads\/2025\/11\/DSC09179-1-768x512.jpg 768w, https:\/\/www.travelita.cz\/wp-content\/uploads\/2025\/11\/DSC09179-1-1536x1024.jpg 1536w, https:\/\/www.travelita.cz\/wp-content\/uploads\/2025\/11\/DSC09179-1-2048x1365.jpg 2048w, https:\/\/www.travelita.cz\/wp-content\/uploads\/2025\/11\/DSC09179-1-180x120.jpg 180w, https:\/\/www.travelita.cz\/wp-content\/uploads\/2025\/11\/DSC09179-1-900x600.jpg 900w, https:\/\/www.travelita.cz\/wp-content\/uploads\/2025\/11\/DSC09179-1-715x477.jpg 715w\" sizes=\"auto, (max-width: 1024px) 100vw, 1024px\" \/><\/figure>\n\n\n\n<figure class=\"wp-block-image size-large\"><img loading=\"lazy\" decoding=\"async\" width=\"1024\" height=\"683\" data-id=\"1324\" src=\"https:\/\/www.travelita.cz\/wp-content\/uploads\/2025\/11\/DSC09180-1-1024x683.jpg\" alt=\"\" class=\"wp-image-1324\" srcset=\"https:\/\/www.travelita.cz\/wp-content\/uploads\/2025\/11\/DSC09180-1-1024x683.jpg 1024w, https:\/\/www.travelita.cz\/wp-content\/uploads\/2025\/11\/DSC09180-1-300x200.jpg 300w, https:\/\/www.travelita.cz\/wp-content\/uploads\/2025\/11\/DSC09180-1-768x512.jpg 768w, https:\/\/www.travelita.cz\/wp-content\/uploads\/2025\/11\/DSC09180-1-1536x1024.jpg 1536w, https:\/\/www.travelita.cz\/wp-content\/uploads\/2025\/11\/DSC09180-1-2048x1365.jpg 2048w, https:\/\/www.travelita.cz\/wp-content\/uploads\/2025\/11\/DSC09180-1-180x120.jpg 180w, https:\/\/www.travelita.cz\/wp-content\/uploads\/2025\/11\/DSC09180-1-900x600.jpg 900w, https:\/\/www.travelita.cz\/wp-content\/uploads\/2025\/11\/DSC09180-1-715x477.jpg 715w\" sizes=\"auto, (max-width: 1024px) 100vw, 1024px\" \/><\/figure>\n<\/figure>\n\n\n\n<figure class=\"wp-block-gallery has-nested-images columns-default is-cropped wp-block-gallery-2 is-layout-flex wp-block-gallery-is-layout-flex\">\n<figure class=\"wp-block-image size-large\"><img loading=\"lazy\" decoding=\"async\" width=\"1024\" height=\"683\" data-id=\"1327\" src=\"https:\/\/www.travelita.cz\/wp-content\/uploads\/2025\/11\/DSC09138-1024x683.jpg\" alt=\"\" class=\"wp-image-1327\" srcset=\"https:\/\/www.travelita.cz\/wp-content\/uploads\/2025\/11\/DSC09138-1024x683.jpg 1024w, https:\/\/www.travelita.cz\/wp-content\/uploads\/2025\/11\/DSC09138-300x200.jpg 300w, https:\/\/www.travelita.cz\/wp-content\/uploads\/2025\/11\/DSC09138-768x512.jpg 768w, https:\/\/www.travelita.cz\/wp-content\/uploads\/2025\/11\/DSC09138-1536x1024.jpg 1536w, https:\/\/www.travelita.cz\/wp-content\/uploads\/2025\/11\/DSC09138-2048x1365.jpg 2048w, https:\/\/www.travelita.cz\/wp-content\/uploads\/2025\/11\/DSC09138-180x120.jpg 180w, https:\/\/www.travelita.cz\/wp-content\/uploads\/2025\/11\/DSC09138-900x600.jpg 900w, https:\/\/www.travelita.cz\/wp-content\/uploads\/2025\/11\/DSC09138-715x477.jpg 715w\" sizes=\"auto, (max-width: 1024px) 100vw, 1024px\" \/><\/figure>\n\n\n\n<figure class=\"wp-block-image size-large\"><img loading=\"lazy\" decoding=\"async\" width=\"1024\" height=\"683\" data-id=\"1328\" src=\"https:\/\/www.travelita.cz\/wp-content\/uploads\/2025\/11\/DSC09193-1-1024x683.jpg\" alt=\"\" class=\"wp-image-1328\" srcset=\"https:\/\/www.travelita.cz\/wp-content\/uploads\/2025\/11\/DSC09193-1-1024x683.jpg 1024w, https:\/\/www.travelita.cz\/wp-content\/uploads\/2025\/11\/DSC09193-1-300x200.jpg 300w, https:\/\/www.travelita.cz\/wp-content\/uploads\/2025\/11\/DSC09193-1-768x512.jpg 768w, https:\/\/www.travelita.cz\/wp-content\/uploads\/2025\/11\/DSC09193-1-1536x1024.jpg 1536w, https:\/\/www.travelita.cz\/wp-content\/uploads\/2025\/11\/DSC09193-1-2048x1365.jpg 2048w, https:\/\/www.travelita.cz\/wp-content\/uploads\/2025\/11\/DSC09193-1-180x120.jpg 180w, https:\/\/www.travelita.cz\/wp-content\/uploads\/2025\/11\/DSC09193-1-900x600.jpg 900w, https:\/\/www.travelita.cz\/wp-content\/uploads\/2025\/11\/DSC09193-1-715x477.jpg 715w\" sizes=\"auto, (max-width: 1024px) 100vw, 1024px\" \/><\/figure>\n\n\n\n<figure class=\"wp-block-image size-large\"><img loading=\"lazy\" decoding=\"async\" width=\"1024\" height=\"683\" data-id=\"1329\" src=\"https:\/\/www.travelita.cz\/wp-content\/uploads\/2025\/11\/DSC09202-1024x683.jpg\" alt=\"\" class=\"wp-image-1329\" srcset=\"https:\/\/www.travelita.cz\/wp-content\/uploads\/2025\/11\/DSC09202-1024x683.jpg 1024w, https:\/\/www.travelita.cz\/wp-content\/uploads\/2025\/11\/DSC09202-300x200.jpg 300w, https:\/\/www.travelita.cz\/wp-content\/uploads\/2025\/11\/DSC09202-768x512.jpg 768w, https:\/\/www.travelita.cz\/wp-content\/uploads\/2025\/11\/DSC09202-1536x1024.jpg 1536w, https:\/\/www.travelita.cz\/wp-content\/uploads\/2025\/11\/DSC09202-2048x1365.jpg 2048w, https:\/\/www.travelita.cz\/wp-content\/uploads\/2025\/11\/DSC09202-180x120.jpg 180w, https:\/\/www.travelita.cz\/wp-content\/uploads\/2025\/11\/DSC09202-900x600.jpg 900w, https:\/\/www.travelita.cz\/wp-content\/uploads\/2025\/11\/DSC09202-715x477.jpg 715w\" sizes=\"auto, (max-width: 1024px) 100vw, 1024px\" \/><\/figure>\n<\/figure>\n\n\n\n<figure class=\"wp-block-gallery has-nested-images columns-default is-cropped wp-block-gallery-3 is-layout-flex wp-block-gallery-is-layout-flex\">\n<figure class=\"wp-block-image size-large\"><img loading=\"lazy\" decoding=\"async\" width=\"683\" height=\"1024\" data-id=\"1331\" src=\"https:\/\/www.travelita.cz\/wp-content\/uploads\/2025\/11\/DSC09135-683x1024.jpg\" alt=\"\" class=\"wp-image-1331\" srcset=\"https:\/\/www.travelita.cz\/wp-content\/uploads\/2025\/11\/DSC09135-683x1024.jpg 683w, https:\/\/www.travelita.cz\/wp-content\/uploads\/2025\/11\/DSC09135-200x300.jpg 200w, https:\/\/www.travelita.cz\/wp-content\/uploads\/2025\/11\/DSC09135-768x1152.jpg 768w, https:\/\/www.travelita.cz\/wp-content\/uploads\/2025\/11\/DSC09135-1024x1536.jpg 1024w, https:\/\/www.travelita.cz\/wp-content\/uploads\/2025\/11\/DSC09135-1365x2048.jpg 1365w, https:\/\/www.travelita.cz\/wp-content\/uploads\/2025\/11\/DSC09135-80x120.jpg 80w, https:\/\/www.travelita.cz\/wp-content\/uploads\/2025\/11\/DSC09135-400x600.jpg 400w, https:\/\/www.travelita.cz\/wp-content\/uploads\/2025\/11\/DSC09135-333x500.jpg 333w, https:\/\/www.travelita.cz\/wp-content\/uploads\/2025\/11\/DSC09135-scaled.jpg 1707w\" sizes=\"auto, (max-width: 683px) 100vw, 683px\" \/><\/figure>\n\n\n\n<figure class=\"wp-block-image size-large\"><img loading=\"lazy\" decoding=\"async\" width=\"683\" height=\"1024\" data-id=\"1333\" src=\"https:\/\/www.travelita.cz\/wp-content\/uploads\/2025\/11\/DSC09137-683x1024.jpg\" alt=\"\" class=\"wp-image-1333\" srcset=\"https:\/\/www.travelita.cz\/wp-content\/uploads\/2025\/11\/DSC09137-683x1024.jpg 683w, https:\/\/www.travelita.cz\/wp-content\/uploads\/2025\/11\/DSC09137-200x300.jpg 200w, https:\/\/www.travelita.cz\/wp-content\/uploads\/2025\/11\/DSC09137-768x1152.jpg 768w, https:\/\/www.travelita.cz\/wp-content\/uploads\/2025\/11\/DSC09137-1024x1536.jpg 1024w, https:\/\/www.travelita.cz\/wp-content\/uploads\/2025\/11\/DSC09137-1365x2048.jpg 1365w, https:\/\/www.travelita.cz\/wp-content\/uploads\/2025\/11\/DSC09137-80x120.jpg 80w, https:\/\/www.travelita.cz\/wp-content\/uploads\/2025\/11\/DSC09137-400x600.jpg 400w, https:\/\/www.travelita.cz\/wp-content\/uploads\/2025\/11\/DSC09137-333x500.jpg 333w, https:\/\/www.travelita.cz\/wp-content\/uploads\/2025\/11\/DSC09137-scaled.jpg 1707w\" sizes=\"auto, (max-width: 683px) 100vw, 683px\" \/><\/figure>\n\n\n\n<figure class=\"wp-block-image size-large\"><img loading=\"lazy\" decoding=\"async\" width=\"683\" height=\"1024\" data-id=\"1332\" src=\"https:\/\/www.travelita.cz\/wp-content\/uploads\/2025\/11\/DSC09158-1-683x1024.jpg\" alt=\"\" class=\"wp-image-1332\" srcset=\"https:\/\/www.travelita.cz\/wp-content\/uploads\/2025\/11\/DSC09158-1-683x1024.jpg 683w, https:\/\/www.travelita.cz\/wp-content\/uploads\/2025\/11\/DSC09158-1-200x300.jpg 200w, https:\/\/www.travelita.cz\/wp-content\/uploads\/2025\/11\/DSC09158-1-768x1152.jpg 768w, https:\/\/www.travelita.cz\/wp-content\/uploads\/2025\/11\/DSC09158-1-1024x1536.jpg 1024w, https:\/\/www.travelita.cz\/wp-content\/uploads\/2025\/11\/DSC09158-1-1365x2048.jpg 1365w, https:\/\/www.travelita.cz\/wp-content\/uploads\/2025\/11\/DSC09158-1-80x120.jpg 80w, https:\/\/www.travelita.cz\/wp-content\/uploads\/2025\/11\/DSC09158-1-400x600.jpg 400w, https:\/\/www.travelita.cz\/wp-content\/uploads\/2025\/11\/DSC09158-1-333x500.jpg 333w, https:\/\/www.travelita.cz\/wp-content\/uploads\/2025\/11\/DSC09158-1-scaled.jpg 1707w\" sizes=\"auto, (max-width: 683px) 100vw, 683px\" \/><\/figure>\n<\/figure>\n","protected":false},"excerpt":{"rendered":"<p>Kutn\u00e1 Hora pat\u0159\u00ed mezi nejzn\u00e1m\u011bj\u0161\u00ed historick\u00e1 m\u011bsta v \u010cesku. Le\u017e\u00ed asi 70 kilometr\u016f v\u00fdchodn\u011b od Prahy, a i kdy\u017e u\u017e d\u00e1vno nen\u00ed t\u00edm, \u010d\u00edm b\u00fdvala ve st\u0159edov\u011bku, jej\u00ed minulost je natolik siln\u00e1, \u017ee st\u00e1le ur\u010duje jej\u00ed charakter i sou\u010dasnost. Kdy\u017e se ze zem\u011b sypalo st\u0159\u00edbro Ve 13. stolet\u00ed se v okol\u00ed dne\u0161n\u00ed Kutn\u00e9&#8230;<\/p>\n","protected":false},"author":2,"featured_media":1321,"comment_status":"open","ping_status":"open","sticky":false,"template":"","format":"standard","meta":{"_eb_attr":"","footnotes":""},"categories":[9],"tags":[105,106],"class_list":["post-1319","post","type-post","status-publish","format-standard","has-post-thumbnail","hentry","category-ceska-republika","tag-ceska-republika","tag-kutna-hora"],"rttpg_featured_image_url":{"full":["https:\/\/www.travelita.cz\/wp-content\/uploads\/2025\/11\/DSC09170-scaled.jpg",2560,1707,false],"landscape":["https:\/\/www.travelita.cz\/wp-content\/uploads\/2025\/11\/DSC09170-scaled.jpg",2560,1707,false],"portraits":["https:\/\/www.travelita.cz\/wp-content\/uploads\/2025\/11\/DSC09170-scaled.jpg",2560,1707,false],"thumbnail":["https:\/\/www.travelita.cz\/wp-content\/uploads\/2025\/11\/DSC09170-150x150.jpg",150,150,true],"medium":["https:\/\/www.travelita.cz\/wp-content\/uploads\/2025\/11\/DSC09170-300x200.jpg",300,200,true],"large":["https:\/\/www.travelita.cz\/wp-content\/uploads\/2025\/11\/DSC09170-1024x683.jpg",690,460,true],"1536x1536":["https:\/\/www.travelita.cz\/wp-content\/uploads\/2025\/11\/DSC09170-1536x1024.jpg",1536,1024,true],"2048x2048":["https:\/\/www.travelita.cz\/wp-content\/uploads\/2025\/11\/DSC09170-2048x1365.jpg",2048,1365,true],"appetizo-random-thumb":["https:\/\/www.travelita.cz\/wp-content\/uploads\/2025\/11\/DSC09170-450x450.jpg",450,450,true],"appetizo-thumb":["https:\/\/www.travelita.cz\/wp-content\/uploads\/2025\/11\/DSC09170-180x120.jpg",180,120,true],"post-thumbnail":["https:\/\/www.travelita.cz\/wp-content\/uploads\/2025\/11\/DSC09170-150x150.jpg",150,150,true],"appetizo-large-image":["https:\/\/www.travelita.cz\/wp-content\/uploads\/2025\/11\/DSC09170-scaled.jpg",2560,1707,false],"appetizo-medium-image":["https:\/\/www.travelita.cz\/wp-content\/uploads\/2025\/11\/DSC09170-900x600.jpg",900,600,true],"appetizo-small-image":["https:\/\/www.travelita.cz\/wp-content\/uploads\/2025\/11\/DSC09170-715x477.jpg",715,477,true]},"rttpg_author":{"display_name":"Simona Procklov\u00e1","author_link":"https:\/\/www.travelita.cz\/?author=2"},"rttpg_comment":0,"rttpg_category":"<a href=\"https:\/\/www.travelita.cz\/?cat=9\" rel=\"category\">\u010cesk\u00e1 republika<\/a>","rttpg_excerpt":"Kutn\u00e1 Hora pat\u0159\u00ed mezi nejzn\u00e1m\u011bj\u0161\u00ed historick\u00e1 m\u011bsta v \u010cesku. Le\u017e\u00ed asi 70 kilometr\u016f v\u00fdchodn\u011b od Prahy, a i kdy\u017e u\u017e d\u00e1vno nen\u00ed t\u00edm, \u010d\u00edm b\u00fdvala ve st\u0159edov\u011bku, jej\u00ed minulost je natolik siln\u00e1, \u017ee st\u00e1le ur\u010duje jej\u00ed charakter i sou\u010dasnost. Kdy\u017e se ze zem\u011b sypalo st\u0159\u00edbro Ve 13. stolet\u00ed se v okol\u00ed dne\u0161n\u00ed Kutn\u00e9...","_links":{"self":[{"href":"https:\/\/www.travelita.cz\/index.php?rest_route=\/wp\/v2\/posts\/1319","targetHints":{"allow":["GET"]}}],"collection":[{"href":"https:\/\/www.travelita.cz\/index.php?rest_route=\/wp\/v2\/posts"}],"about":[{"href":"https:\/\/www.travelita.cz\/index.php?rest_route=\/wp\/v2\/types\/post"}],"author":[{"embeddable":true,"href":"https:\/\/www.travelita.cz\/index.php?rest_route=\/wp\/v2\/users\/2"}],"replies":[{"embeddable":true,"href":"https:\/\/www.travelita.cz\/index.php?rest_route=%2Fwp%2Fv2%2Fcomments&post=1319"}],"version-history":[{"count":2,"href":"https:\/\/www.travelita.cz\/index.php?rest_route=\/wp\/v2\/posts\/1319\/revisions"}],"predecessor-version":[{"id":1334,"href":"https:\/\/www.travelita.cz\/index.php?rest_route=\/wp\/v2\/posts\/1319\/revisions\/1334"}],"wp:featuredmedia":[{"embeddable":true,"href":"https:\/\/www.travelita.cz\/index.php?rest_route=\/wp\/v2\/media\/1321"}],"wp:attachment":[{"href":"https:\/\/www.travelita.cz\/index.php?rest_route=%2Fwp%2Fv2%2Fmedia&parent=1319"}],"wp:term":[{"taxonomy":"category","embeddable":true,"href":"https:\/\/www.travelita.cz\/index.php?rest_route=%2Fwp%2Fv2%2Fcategories&post=1319"},{"taxonomy":"post_tag","embeddable":true,"href":"https:\/\/www.travelita.cz\/index.php?rest_route=%2Fwp%2Fv2%2Ftags&post=1319"}],"curies":[{"name":"wp","href":"https:\/\/api.w.org\/{rel}","templated":true}]}}