{"id":1285,"date":"2025-11-12T16:47:47","date_gmt":"2025-11-12T15:47:47","guid":{"rendered":"https:\/\/www.travelita.cz\/?p=1285"},"modified":"2025-11-12T16:47:50","modified_gmt":"2025-11-12T15:47:50","slug":"adrspach","status":"publish","type":"post","link":"https:\/\/www.travelita.cz\/?p=1285","title":{"rendered":"Adr\u0161pach"},"content":{"rendered":"\n<p>Adr\u0161pach je n\u00e1dhern\u00e9 m\u00edsto, o kter\u00e9m nen\u00ed nutn\u00e9 dlouze ps\u00e1t &#8211; to se prost\u011b mus\u00ed vid\u011bt. Fotky mohou n\u011bco m\u00e1lo napov\u011bd\u011bt, ale b\u00fdt tam mezi t\u011bmi mohutn\u00fdmi sk\u00e1lami a vn\u00edmat jak jsme oproti p\u0159\u00edrod\u011b malinkat\u00ed jen n\u011bco \u00fapln\u011b jin\u00e9ho. I p\u0159esto zde uvedu n\u011bkolik informac\u00ed o tomto m\u00edst\u011b \ud83d\ude42<\/p>\n\n\n\n<h3 class=\"wp-block-heading\">Z\u00e1kladn\u00ed informace<\/h3>\n\n\n\n<p>Obec Adr\u0161pach se nach\u00e1z\u00ed v okrese N\u00e1chod v Kr\u00e1lov\u00e9hradeck\u00e9m kraji v \u010cesk\u00e9 republice. Prvn\u00ed p\u00edsemn\u00e1 zm\u00ednka o obci poch\u00e1z\u00ed z roku 1348.  \u017dije zde p\u0159ibli\u017en\u011b 500 obyvatel. Obec le\u017e\u00ed v regionu Broumovska, velmi bl\u00edzko hranice s Polskem. <\/p>\n\n\n\n<h3 class=\"wp-block-heading\">Geografie a p\u0159\u00edrodn\u00ed podm\u00ednky<\/h3>\n\n\n\n<p>Oblast je zn\u00e1m\u00e1 p\u0159edev\u0161\u00edm d\u00edky rozs\u00e1hl\u00fdm p\u00edskovcov\u00fdm skaln\u00edm formac\u00edm, kter\u00e9 vytv\u00e1\u0159ej\u00ed tzv. skaln\u00ed m\u011bsto Adr\u0161pach\u2011Teplice Rocks (\u201eAdr\u0161pa\u0161sko-teplick\u00e9 sk\u00e1ly\u201c) v bl\u00edzkosti obce.  Tyto sk\u00e1ly jsou v\u00fdsledkem geologick\u00e9ho v\u00fdvoje \u2013 oblast b\u00fdvala v geologick\u00e9m obdob\u00ed pokryta m\u011blk\u00fdm mo\u0159em, kde se ukl\u00e1dal p\u00edsek, kter\u00fd pozd\u011bji ztvrdl v p\u00edskovec a byl formov\u00e1n erozivn\u00edmi silami.  \u00dazem\u00ed je sou\u010d\u00e1st\u00ed chr\u00e1n\u011bn\u00e9ho krajinn\u00e9ho \u00fazem\u00ed Broumovsko Protected Landscape Area od roku 1991. <\/p>\n\n\n\n<h3 class=\"wp-block-heading\">Historie<\/h3>\n\n\n\n<ul class=\"wp-block-list\">\n<li>V oblasti obce stoj\u00ed tak\u00e9 z\u0159\u00edcenina hradu Hrad Adr\u0161pach, kter\u00fd byl pravd\u011bpodobn\u011b zalo\u017een ve 13. stolet\u00ed a je poprv\u00e9 p\u00edsemn\u011b zm\u00edn\u011bn ve st\u0159edov\u011bku.<\/li>\n\n\n\n<li>Od 19. stolet\u00ed za\u010dala oblast p\u0159itahovat z\u00e1jem turist\u016f d\u00edky sv\u00fdm dramatick\u00fdm skal\u00e1m a labyrint\u016fm. <\/li>\n<\/ul>\n\n\n\n<h3 class=\"wp-block-heading\">Co vid\u011bt a za\u017e\u00edt<\/h3>\n\n\n\n<ul class=\"wp-block-list\">\n<li>Skaln\u00ed \u00fatvary: Mezi nejv\u00fdrazn\u011bj\u0161\u00ed pat\u0159\u00ed v\u011b\u017ee, br\u00e1ny, \u00fazk\u00e9 pr\u016fchody \u2013 nap\u0159. \u201eMy\u0161\u00ed d\u00edra\u201c (\u00fazk\u00fd skaln\u00ed pr\u016fchod), \u201eCukrov\u00e1 homole\u201c (k\u00f3nick\u00e1 skaln\u00ed formace) apod. <\/li>\n\n\n\n<li>Jezero vznikl\u00e9 zatopen\u00edm b\u00fdval\u00e9ho p\u00edskovcov\u00e9ho lomu \u2013 dnes obl\u00edben\u00e9 m\u00edsto pro proch\u00e1zky nebo kr\u00e1tkou zast\u00e1vku. <\/li>\n\n\n\n<li>Nau\u010dn\u00e9 stezky a turistick\u00e9 trasy \u2013 zna\u010den\u00e9 okruhy r\u016fzn\u00fdch n\u00e1ro\u010dnost\u00ed. <\/li>\n\n\n\n<li>Hradn\u00ed z\u0159\u00edcenina nad obc\u00ed \u2013 p\u011bkn\u00fd v\u00fdhled, historick\u00fd dotek.<\/li>\n<\/ul>\n\n\n\n<h3 class=\"wp-block-heading\">Praktick\u00e9 tipy pro n\u00e1v\u0161t\u011bvu<\/h3>\n\n\n\n<ul class=\"wp-block-list\">\n<li>Doporu\u010duje se nav\u0161t\u00edvit brzy r\u00e1no nebo mimo \u0161pi\u010dku, abyste se vyhnuli dav\u016fm. <\/li>\n\n\n\n<li>Oblast je chr\u00e1n\u011bn\u00e1 \u2013 dr\u017ete se vyzna\u010den\u00fdch tras, abyste minimalizovali dopad na p\u0159\u00edrodu. <\/li>\n\n\n\n<li>V n\u011bkter\u00fdch \u010d\u00e1stech mohou b\u00fdt \u00fazk\u00e9 pr\u016fchody, schody \u010di kluzk\u00fd ter\u00e9n \u2013 vhodn\u00e1 obuv je doporu\u010dena.<\/li>\n\n\n\n<li>Parkov\u00e1n\u00ed a vstup do skaln\u00edho m\u011bsta obvykle vy\u017eaduje vstupenku a je dobr\u00e9 si ji rezervovat (zejm\u00e9na v hlavn\u00ed sez\u00f3n\u011b).<\/li>\n<\/ul>\n\n\n\n<h3 class=\"wp-block-heading\">Zaj\u00edmavosti<\/h3>\n\n\n\n<ul class=\"wp-block-list\">\n<li>Oblast je jednou z nejv\u00fdznamn\u011bj\u0161\u00edch lokalit pro ve\u0159ejnost v kategorii \u201eskaln\u00edch m\u011bst\u201c v \u010cesk\u00e9 republice. <\/li>\n\n\n\n<li>Je zde v\u00fdznamn\u00e9 hn\u00edzdi\u0161t\u011b sokola st\u011bhovav\u00e9ho \u2013 a proto n\u011bkter\u00e9 oblasti maj\u00ed omezen\u00fd p\u0159\u00edstup kv\u016fli ochran\u011b dravc\u016f. <\/li>\n\n\n\n<li>M\u00edstn\u00ed n\u00e1zev \u201eskaln\u00ed m\u011bsto\u201c odkazuje na labyrint skaln\u00edch \u00fatvar\u016f, kter\u00e9 p\u0159ipom\u00ednaj\u00ed m\u011bstskou strukturu z kamen\u016f.<\/li>\n<\/ul>\n\n\n\n<h3 class=\"wp-block-heading\">Pro\u010d sem jet<\/h3>\n\n\n\n<p>Pokud hled\u00e1te p\u0159\u00edrodu mimo b\u011b\u017en\u00e9 turistick\u00e9 trasy, dramatickou skaln\u00ed krajinu a mo\u017enost aktivn\u00edho v\u00fdletu s n\u00e1dechem dobrodru\u017estv\u00ed \u2013 Adr\u0161pach je ide\u00e1ln\u00edm c\u00edlem. Kombinace skal, vody, lesa i historick\u00e9ho kontextu d\u011bl\u00e1 z t\u00f3nu m\u00edsta n\u011bco v\u00fdjime\u010dn\u00e9ho.<\/p>\n\n\n\n<h3 class=\"wp-block-heading\">1. Unik\u00e1tn\u00ed skaln\u00ed \u00fatvary<\/h3>\n\n\n\n<ul class=\"wp-block-list\">\n<li>Sk\u00e1ly jsou tvo\u0159eny <strong>p\u00edskovcem<\/strong>, kter\u00fd byl po miliony let modelov\u00e1n v\u011btrem, vodou a mrazem.<\/li>\n\n\n\n<li>Vznikly zde bizarn\u00ed tvary, kter\u00e9 maj\u00ed sv\u00e1 <strong>jm\u00e9na podle podoby<\/strong> \u2013 nap\u0159.\n<ul class=\"wp-block-list\">\n<li><strong>Milenci<\/strong>,<\/li>\n\n\n\n<li><strong>Starosta a Starostov\u00e1<\/strong>,<\/li>\n\n\n\n<li><strong>Slon\u00ed n\u00e1m\u011bst\u00ed<\/strong>,<\/li>\n\n\n\n<li><strong>Cukrov\u00e1 homole<\/strong>,<\/li>\n\n\n\n<li><strong>Rukavice<\/strong>.<\/li>\n<\/ul>\n<\/li>\n\n\n\n<li>Tvo\u0159\u00ed <strong>skaln\u00ed m\u011bsto<\/strong> s \u00fazk\u00fdmi pr\u016fchody, sout\u011bskami a v\u011b\u017eemi vysok\u00fdmi a\u017e <strong>90 metr\u016f<\/strong>.<\/li>\n<\/ul>\n\n\n\n<hr class=\"wp-block-separator has-alpha-channel-opacity\"\/>\n\n\n\n<h3 class=\"wp-block-heading\">\ud83c\udf32 2. Malebn\u00e1 p\u0159\u00edroda a jezera<\/h3>\n\n\n\n<ul class=\"wp-block-list\">\n<li>Uprost\u0159ed skal se nach\u00e1z\u00ed <strong>Adr\u0161pa\u0161sk\u00e9 jez\u00edrko<\/strong>, kter\u00e9 vzniklo zatopen\u00edm b\u00fdval\u00e9ho lomu.\n<ul class=\"wp-block-list\">\n<li>M\u00e1 <strong>azurov\u011b zelenou vodu<\/strong> a obl\u00edbenou <strong>lodi\u010dkovou plavbu<\/strong>.<\/li>\n<\/ul>\n<\/li>\n\n\n\n<li>V okol\u00ed rostou <strong>vz\u00e1cn\u00e9 druhy rostlin a mechorost\u016f<\/strong>, proto\u017ee mikroklima mezi skalami je chladn\u011bj\u0161\u00ed a vlh\u010d\u00ed.<\/li>\n<\/ul>\n\n\n\n<hr class=\"wp-block-separator has-alpha-channel-opacity\"\/>\n\n\n\n<h3 class=\"wp-block-heading\">\ud83e\uddd7 3. R\u00e1j pro horolezce<\/h3>\n\n\n\n<ul class=\"wp-block-list\">\n<li>Adr\u0161pach je <strong>kol\u00e9bkou \u010desk\u00e9ho p\u00edskovcov\u00e9ho lezen\u00ed<\/strong> \u2013 tradice tu sah\u00e1 a\u017e do 20. let 20. stolet\u00ed.<\/li>\n\n\n\n<li>Leze se <strong>bez kovov\u00fdch jist\u00edc\u00edch prost\u0159edk\u016f<\/strong> (kv\u016fli ochran\u011b sk\u00e1ly), jen s uzly z lan a smy\u010dek.<\/li>\n\n\n\n<li>Lezen\u00ed tu m\u00e1 <strong>sv\u016fj etick\u00fd kodex<\/strong>, respektovan\u00fd po cel\u00e9m sv\u011bt\u011b.<\/li>\n<\/ul>\n\n\n\n<hr class=\"wp-block-separator has-alpha-channel-opacity\"\/>\n\n\n\n<h3 class=\"wp-block-heading\">\ud83c\udfa5 4. Filmov\u00e9 kulisy<\/h3>\n\n\n\n<ul class=\"wp-block-list\">\n<li>Sk\u00e1ly se objevily v \u0159ad\u011b film\u016f, nap\u0159.:\n<ul class=\"wp-block-list\">\n<li><strong>Letopisy Narnie: Lev, \u010darod\u011bjnice a sk\u0159\u00ed\u0148 (2005)<\/strong> \u2013 nat\u00e1\u010dely se zde sc\u00e9ny z Narnie,<\/li>\n\n\n\n<li>\u010desk\u00e9 filmy a poh\u00e1dky,<\/li>\n\n\n\n<li>r\u016fzn\u00e9 dokumenty o p\u0159\u00edrod\u011b a skaln\u00edm lezen\u00ed.<\/li>\n<\/ul>\n<\/li>\n<\/ul>\n\n\n\n<hr class=\"wp-block-separator has-alpha-channel-opacity\"\/>\n\n\n\n<h3 class=\"wp-block-heading\">\ud83e\udded 5. Turistika a dobrodru\u017estv\u00ed<\/h3>\n\n\n\n<ul class=\"wp-block-list\">\n<li>Adr\u0161pa\u0161sko-teplick\u00e9 sk\u00e1ly maj\u00ed <strong>nau\u010dn\u00e9 stezky<\/strong>, <strong>vyhl\u00eddky<\/strong> a <strong>vodop\u00e1d<\/strong>, kam se d\u00e1 doj\u00edt po d\u0159ev\u011bn\u00fdch l\u00e1vk\u00e1ch.<\/li>\n\n\n\n<li>Jsou propojen\u00e9 s <strong>Teplick\u00fdmi skalami<\/strong>, kter\u00e9 jsou rozlehlej\u0161\u00ed.<\/li>\n\n\n\n<li>V zim\u011b maj\u00ed kouzelnou atmosf\u00e9ru s ledop\u00e1dy.<\/li>\n<\/ul>\n\n\n\n<figure class=\"wp-block-gallery has-nested-images columns-default is-cropped wp-block-gallery-1 is-layout-flex wp-block-gallery-is-layout-flex\">\n<figure class=\"wp-block-image size-large\"><img loading=\"lazy\" decoding=\"async\" width=\"1024\" height=\"683\" data-id=\"1292\" src=\"https:\/\/www.travelita.cz\/wp-content\/uploads\/2025\/11\/DSC07192-1-1024x683.jpg\" alt=\"\" class=\"wp-image-1292\" srcset=\"https:\/\/www.travelita.cz\/wp-content\/uploads\/2025\/11\/DSC07192-1-1024x683.jpg 1024w, https:\/\/www.travelita.cz\/wp-content\/uploads\/2025\/11\/DSC07192-1-300x200.jpg 300w, https:\/\/www.travelita.cz\/wp-content\/uploads\/2025\/11\/DSC07192-1-768x512.jpg 768w, https:\/\/www.travelita.cz\/wp-content\/uploads\/2025\/11\/DSC07192-1-1536x1024.jpg 1536w, https:\/\/www.travelita.cz\/wp-content\/uploads\/2025\/11\/DSC07192-1-2048x1365.jpg 2048w, https:\/\/www.travelita.cz\/wp-content\/uploads\/2025\/11\/DSC07192-1-180x120.jpg 180w, https:\/\/www.travelita.cz\/wp-content\/uploads\/2025\/11\/DSC07192-1-900x600.jpg 900w, https:\/\/www.travelita.cz\/wp-content\/uploads\/2025\/11\/DSC07192-1-715x477.jpg 715w\" sizes=\"auto, (max-width: 1024px) 100vw, 1024px\" \/><\/figure>\n\n\n\n<figure class=\"wp-block-image size-large\"><img loading=\"lazy\" decoding=\"async\" width=\"1024\" height=\"683\" data-id=\"1293\" src=\"https:\/\/www.travelita.cz\/wp-content\/uploads\/2025\/11\/DSC07201-1024x683.jpg\" alt=\"\" class=\"wp-image-1293\" srcset=\"https:\/\/www.travelita.cz\/wp-content\/uploads\/2025\/11\/DSC07201-1024x683.jpg 1024w, https:\/\/www.travelita.cz\/wp-content\/uploads\/2025\/11\/DSC07201-300x200.jpg 300w, https:\/\/www.travelita.cz\/wp-content\/uploads\/2025\/11\/DSC07201-768x512.jpg 768w, https:\/\/www.travelita.cz\/wp-content\/uploads\/2025\/11\/DSC07201-1536x1024.jpg 1536w, https:\/\/www.travelita.cz\/wp-content\/uploads\/2025\/11\/DSC07201-2048x1365.jpg 2048w, https:\/\/www.travelita.cz\/wp-content\/uploads\/2025\/11\/DSC07201-180x120.jpg 180w, https:\/\/www.travelita.cz\/wp-content\/uploads\/2025\/11\/DSC07201-900x600.jpg 900w, https:\/\/www.travelita.cz\/wp-content\/uploads\/2025\/11\/DSC07201-715x477.jpg 715w\" sizes=\"auto, (max-width: 1024px) 100vw, 1024px\" \/><\/figure>\n\n\n\n<figure class=\"wp-block-image size-large\"><img loading=\"lazy\" decoding=\"async\" width=\"1024\" height=\"683\" data-id=\"1291\" src=\"https:\/\/www.travelita.cz\/wp-content\/uploads\/2025\/11\/DSC07221-1024x683.jpg\" alt=\"\" class=\"wp-image-1291\" srcset=\"https:\/\/www.travelita.cz\/wp-content\/uploads\/2025\/11\/DSC07221-1024x683.jpg 1024w, https:\/\/www.travelita.cz\/wp-content\/uploads\/2025\/11\/DSC07221-300x200.jpg 300w, https:\/\/www.travelita.cz\/wp-content\/uploads\/2025\/11\/DSC07221-768x512.jpg 768w, https:\/\/www.travelita.cz\/wp-content\/uploads\/2025\/11\/DSC07221-1536x1024.jpg 1536w, https:\/\/www.travelita.cz\/wp-content\/uploads\/2025\/11\/DSC07221-2048x1365.jpg 2048w, https:\/\/www.travelita.cz\/wp-content\/uploads\/2025\/11\/DSC07221-180x120.jpg 180w, https:\/\/www.travelita.cz\/wp-content\/uploads\/2025\/11\/DSC07221-900x600.jpg 900w, https:\/\/www.travelita.cz\/wp-content\/uploads\/2025\/11\/DSC07221-715x477.jpg 715w\" sizes=\"auto, (max-width: 1024px) 100vw, 1024px\" \/><\/figure>\n<\/figure>\n\n\n\n<figure class=\"wp-block-gallery has-nested-images columns-default is-cropped wp-block-gallery-2 is-layout-flex wp-block-gallery-is-layout-flex\">\n<figure class=\"wp-block-image size-large\"><img loading=\"lazy\" decoding=\"async\" width=\"683\" height=\"1024\" data-id=\"1296\" src=\"https:\/\/www.travelita.cz\/wp-content\/uploads\/2025\/11\/DSC07265-683x1024.jpg\" alt=\"\" class=\"wp-image-1296\" srcset=\"https:\/\/www.travelita.cz\/wp-content\/uploads\/2025\/11\/DSC07265-683x1024.jpg 683w, https:\/\/www.travelita.cz\/wp-content\/uploads\/2025\/11\/DSC07265-200x300.jpg 200w, https:\/\/www.travelita.cz\/wp-content\/uploads\/2025\/11\/DSC07265-768x1152.jpg 768w, https:\/\/www.travelita.cz\/wp-content\/uploads\/2025\/11\/DSC07265-1024x1536.jpg 1024w, https:\/\/www.travelita.cz\/wp-content\/uploads\/2025\/11\/DSC07265-1365x2048.jpg 1365w, https:\/\/www.travelita.cz\/wp-content\/uploads\/2025\/11\/DSC07265-80x120.jpg 80w, https:\/\/www.travelita.cz\/wp-content\/uploads\/2025\/11\/DSC07265-400x600.jpg 400w, https:\/\/www.travelita.cz\/wp-content\/uploads\/2025\/11\/DSC07265-333x500.jpg 333w, https:\/\/www.travelita.cz\/wp-content\/uploads\/2025\/11\/DSC07265-scaled.jpg 1707w\" sizes=\"auto, (max-width: 683px) 100vw, 683px\" \/><\/figure>\n\n\n\n<figure class=\"wp-block-image size-large\"><img loading=\"lazy\" decoding=\"async\" width=\"683\" height=\"1024\" data-id=\"1297\" src=\"https:\/\/www.travelita.cz\/wp-content\/uploads\/2025\/11\/DSC07334-683x1024.jpg\" alt=\"\" class=\"wp-image-1297\" srcset=\"https:\/\/www.travelita.cz\/wp-content\/uploads\/2025\/11\/DSC07334-683x1024.jpg 683w, https:\/\/www.travelita.cz\/wp-content\/uploads\/2025\/11\/DSC07334-200x300.jpg 200w, https:\/\/www.travelita.cz\/wp-content\/uploads\/2025\/11\/DSC07334-768x1152.jpg 768w, https:\/\/www.travelita.cz\/wp-content\/uploads\/2025\/11\/DSC07334-1024x1536.jpg 1024w, https:\/\/www.travelita.cz\/wp-content\/uploads\/2025\/11\/DSC07334-1365x2048.jpg 1365w, https:\/\/www.travelita.cz\/wp-content\/uploads\/2025\/11\/DSC07334-80x120.jpg 80w, https:\/\/www.travelita.cz\/wp-content\/uploads\/2025\/11\/DSC07334-400x600.jpg 400w, https:\/\/www.travelita.cz\/wp-content\/uploads\/2025\/11\/DSC07334-333x500.jpg 333w, https:\/\/www.travelita.cz\/wp-content\/uploads\/2025\/11\/DSC07334-scaled.jpg 1707w\" sizes=\"auto, (max-width: 683px) 100vw, 683px\" \/><\/figure>\n\n\n\n<figure class=\"wp-block-image size-large\"><img loading=\"lazy\" decoding=\"async\" width=\"683\" height=\"1024\" data-id=\"1295\" src=\"https:\/\/www.travelita.cz\/wp-content\/uploads\/2025\/11\/DSC07337-683x1024.jpg\" alt=\"\" class=\"wp-image-1295\" srcset=\"https:\/\/www.travelita.cz\/wp-content\/uploads\/2025\/11\/DSC07337-683x1024.jpg 683w, https:\/\/www.travelita.cz\/wp-content\/uploads\/2025\/11\/DSC07337-200x300.jpg 200w, https:\/\/www.travelita.cz\/wp-content\/uploads\/2025\/11\/DSC07337-768x1152.jpg 768w, https:\/\/www.travelita.cz\/wp-content\/uploads\/2025\/11\/DSC07337-1024x1536.jpg 1024w, https:\/\/www.travelita.cz\/wp-content\/uploads\/2025\/11\/DSC07337-1365x2048.jpg 1365w, https:\/\/www.travelita.cz\/wp-content\/uploads\/2025\/11\/DSC07337-80x120.jpg 80w, https:\/\/www.travelita.cz\/wp-content\/uploads\/2025\/11\/DSC07337-400x600.jpg 400w, https:\/\/www.travelita.cz\/wp-content\/uploads\/2025\/11\/DSC07337-333x500.jpg 333w, https:\/\/www.travelita.cz\/wp-content\/uploads\/2025\/11\/DSC07337-scaled.jpg 1707w\" sizes=\"auto, (max-width: 683px) 100vw, 683px\" \/><\/figure>\n<\/figure>\n\n\n\n<figure class=\"wp-block-gallery has-nested-images columns-default is-cropped wp-block-gallery-3 is-layout-flex wp-block-gallery-is-layout-flex\">\n<figure class=\"wp-block-image size-large\"><img loading=\"lazy\" decoding=\"async\" width=\"683\" height=\"1024\" data-id=\"1301\" src=\"https:\/\/www.travelita.cz\/wp-content\/uploads\/2025\/11\/DSC07323-683x1024.jpg\" alt=\"\" class=\"wp-image-1301\" srcset=\"https:\/\/www.travelita.cz\/wp-content\/uploads\/2025\/11\/DSC07323-683x1024.jpg 683w, https:\/\/www.travelita.cz\/wp-content\/uploads\/2025\/11\/DSC07323-200x300.jpg 200w, https:\/\/www.travelita.cz\/wp-content\/uploads\/2025\/11\/DSC07323-768x1152.jpg 768w, https:\/\/www.travelita.cz\/wp-content\/uploads\/2025\/11\/DSC07323-1024x1536.jpg 1024w, https:\/\/www.travelita.cz\/wp-content\/uploads\/2025\/11\/DSC07323-1365x2048.jpg 1365w, https:\/\/www.travelita.cz\/wp-content\/uploads\/2025\/11\/DSC07323-80x120.jpg 80w, https:\/\/www.travelita.cz\/wp-content\/uploads\/2025\/11\/DSC07323-400x600.jpg 400w, https:\/\/www.travelita.cz\/wp-content\/uploads\/2025\/11\/DSC07323-333x500.jpg 333w, https:\/\/www.travelita.cz\/wp-content\/uploads\/2025\/11\/DSC07323-scaled.jpg 1707w\" sizes=\"auto, (max-width: 683px) 100vw, 683px\" \/><\/figure>\n\n\n\n<figure class=\"wp-block-image size-large\"><img loading=\"lazy\" decoding=\"async\" width=\"683\" height=\"1024\" data-id=\"1300\" src=\"https:\/\/www.travelita.cz\/wp-content\/uploads\/2025\/11\/DSC07338-683x1024.jpg\" alt=\"\" class=\"wp-image-1300\" srcset=\"https:\/\/www.travelita.cz\/wp-content\/uploads\/2025\/11\/DSC07338-683x1024.jpg 683w, https:\/\/www.travelita.cz\/wp-content\/uploads\/2025\/11\/DSC07338-200x300.jpg 200w, https:\/\/www.travelita.cz\/wp-content\/uploads\/2025\/11\/DSC07338-768x1152.jpg 768w, https:\/\/www.travelita.cz\/wp-content\/uploads\/2025\/11\/DSC07338-1024x1536.jpg 1024w, https:\/\/www.travelita.cz\/wp-content\/uploads\/2025\/11\/DSC07338-1365x2048.jpg 1365w, https:\/\/www.travelita.cz\/wp-content\/uploads\/2025\/11\/DSC07338-80x120.jpg 80w, https:\/\/www.travelita.cz\/wp-content\/uploads\/2025\/11\/DSC07338-400x600.jpg 400w, https:\/\/www.travelita.cz\/wp-content\/uploads\/2025\/11\/DSC07338-333x500.jpg 333w, https:\/\/www.travelita.cz\/wp-content\/uploads\/2025\/11\/DSC07338-scaled.jpg 1707w\" sizes=\"auto, (max-width: 683px) 100vw, 683px\" \/><\/figure>\n\n\n\n<figure class=\"wp-block-image size-large\"><img loading=\"lazy\" decoding=\"async\" width=\"683\" height=\"1024\" data-id=\"1299\" src=\"https:\/\/www.travelita.cz\/wp-content\/uploads\/2025\/11\/DSC07362-683x1024.jpg\" alt=\"\" class=\"wp-image-1299\" srcset=\"https:\/\/www.travelita.cz\/wp-content\/uploads\/2025\/11\/DSC07362-683x1024.jpg 683w, https:\/\/www.travelita.cz\/wp-content\/uploads\/2025\/11\/DSC07362-200x300.jpg 200w, https:\/\/www.travelita.cz\/wp-content\/uploads\/2025\/11\/DSC07362-768x1152.jpg 768w, https:\/\/www.travelita.cz\/wp-content\/uploads\/2025\/11\/DSC07362-1024x1536.jpg 1024w, https:\/\/www.travelita.cz\/wp-content\/uploads\/2025\/11\/DSC07362-1365x2048.jpg 1365w, https:\/\/www.travelita.cz\/wp-content\/uploads\/2025\/11\/DSC07362-80x120.jpg 80w, https:\/\/www.travelita.cz\/wp-content\/uploads\/2025\/11\/DSC07362-400x600.jpg 400w, https:\/\/www.travelita.cz\/wp-content\/uploads\/2025\/11\/DSC07362-333x500.jpg 333w, https:\/\/www.travelita.cz\/wp-content\/uploads\/2025\/11\/DSC07362-scaled.jpg 1707w\" sizes=\"auto, (max-width: 683px) 100vw, 683px\" \/><\/figure>\n<\/figure>\n","protected":false},"excerpt":{"rendered":"<p>Adr\u0161pach je n\u00e1dhern\u00e9 m\u00edsto, o kter\u00e9m nen\u00ed nutn\u00e9 dlouze ps\u00e1t &#8211; to se prost\u011b mus\u00ed vid\u011bt. Fotky mohou n\u011bco m\u00e1lo napov\u011bd\u011bt, ale b\u00fdt tam mezi t\u011bmi mohutn\u00fdmi sk\u00e1lami a vn\u00edmat jak jsme oproti p\u0159\u00edrod\u011b malinkat\u00ed jen n\u011bco \u00fapln\u011b jin\u00e9ho. I p\u0159esto zde uvedu n\u011bkolik informac\u00ed o tomto m\u00edst\u011b \ud83d\ude42 Z\u00e1kladn\u00ed informace Obec Adr\u0161pach&#8230;<\/p>\n","protected":false},"author":2,"featured_media":1290,"comment_status":"open","ping_status":"open","sticky":false,"template":"","format":"standard","meta":{"_eb_attr":"","footnotes":""},"categories":[9],"tags":[104,105],"class_list":["post-1285","post","type-post","status-publish","format-standard","has-post-thumbnail","hentry","category-ceska-republika","tag-adrspach","tag-ceska-republika"],"rttpg_featured_image_url":{"full":["https:\/\/www.travelita.cz\/wp-content\/uploads\/2025\/11\/DSC07192-scaled.jpg",2560,1707,false],"landscape":["https:\/\/www.travelita.cz\/wp-content\/uploads\/2025\/11\/DSC07192-scaled.jpg",2560,1707,false],"portraits":["https:\/\/www.travelita.cz\/wp-content\/uploads\/2025\/11\/DSC07192-scaled.jpg",2560,1707,false],"thumbnail":["https:\/\/www.travelita.cz\/wp-content\/uploads\/2025\/11\/DSC07192-150x150.jpg",150,150,true],"medium":["https:\/\/www.travelita.cz\/wp-content\/uploads\/2025\/11\/DSC07192-300x200.jpg",300,200,true],"large":["https:\/\/www.travelita.cz\/wp-content\/uploads\/2025\/11\/DSC07192-1024x683.jpg",690,460,true],"1536x1536":["https:\/\/www.travelita.cz\/wp-content\/uploads\/2025\/11\/DSC07192-1536x1024.jpg",1536,1024,true],"2048x2048":["https:\/\/www.travelita.cz\/wp-content\/uploads\/2025\/11\/DSC07192-2048x1365.jpg",2048,1365,true],"appetizo-random-thumb":["https:\/\/www.travelita.cz\/wp-content\/uploads\/2025\/11\/DSC07192-450x450.jpg",450,450,true],"appetizo-thumb":["https:\/\/www.travelita.cz\/wp-content\/uploads\/2025\/11\/DSC07192-180x120.jpg",180,120,true],"post-thumbnail":["https:\/\/www.travelita.cz\/wp-content\/uploads\/2025\/11\/DSC07192-150x150.jpg",150,150,true],"appetizo-large-image":["https:\/\/www.travelita.cz\/wp-content\/uploads\/2025\/11\/DSC07192-scaled.jpg",2560,1707,false],"appetizo-medium-image":["https:\/\/www.travelita.cz\/wp-content\/uploads\/2025\/11\/DSC07192-900x600.jpg",900,600,true],"appetizo-small-image":["https:\/\/www.travelita.cz\/wp-content\/uploads\/2025\/11\/DSC07192-715x477.jpg",715,477,true]},"rttpg_author":{"display_name":"Simona Procklov\u00e1","author_link":"https:\/\/www.travelita.cz\/?author=2"},"rttpg_comment":0,"rttpg_category":"<a href=\"https:\/\/www.travelita.cz\/?cat=9\" rel=\"category\">\u010cesk\u00e1 republika<\/a>","rttpg_excerpt":"Adr\u0161pach je n\u00e1dhern\u00e9 m\u00edsto, o kter\u00e9m nen\u00ed nutn\u00e9 dlouze ps\u00e1t &#8211; to se prost\u011b mus\u00ed vid\u011bt. Fotky mohou n\u011bco m\u00e1lo napov\u011bd\u011bt, ale b\u00fdt tam mezi t\u011bmi mohutn\u00fdmi sk\u00e1lami a vn\u00edmat jak jsme oproti p\u0159\u00edrod\u011b malinkat\u00ed jen n\u011bco \u00fapln\u011b jin\u00e9ho. I p\u0159esto zde uvedu n\u011bkolik informac\u00ed o tomto m\u00edst\u011b \ud83d\ude42 Z\u00e1kladn\u00ed informace Obec Adr\u0161pach...","_links":{"self":[{"href":"https:\/\/www.travelita.cz\/index.php?rest_route=\/wp\/v2\/posts\/1285","targetHints":{"allow":["GET"]}}],"collection":[{"href":"https:\/\/www.travelita.cz\/index.php?rest_route=\/wp\/v2\/posts"}],"about":[{"href":"https:\/\/www.travelita.cz\/index.php?rest_route=\/wp\/v2\/types\/post"}],"author":[{"embeddable":true,"href":"https:\/\/www.travelita.cz\/index.php?rest_route=\/wp\/v2\/users\/2"}],"replies":[{"embeddable":true,"href":"https:\/\/www.travelita.cz\/index.php?rest_route=%2Fwp%2Fv2%2Fcomments&post=1285"}],"version-history":[{"count":5,"href":"https:\/\/www.travelita.cz\/index.php?rest_route=\/wp\/v2\/posts\/1285\/revisions"}],"predecessor-version":[{"id":1318,"href":"https:\/\/www.travelita.cz\/index.php?rest_route=\/wp\/v2\/posts\/1285\/revisions\/1318"}],"wp:featuredmedia":[{"embeddable":true,"href":"https:\/\/www.travelita.cz\/index.php?rest_route=\/wp\/v2\/media\/1290"}],"wp:attachment":[{"href":"https:\/\/www.travelita.cz\/index.php?rest_route=%2Fwp%2Fv2%2Fmedia&parent=1285"}],"wp:term":[{"taxonomy":"category","embeddable":true,"href":"https:\/\/www.travelita.cz\/index.php?rest_route=%2Fwp%2Fv2%2Fcategories&post=1285"},{"taxonomy":"post_tag","embeddable":true,"href":"https:\/\/www.travelita.cz\/index.php?rest_route=%2Fwp%2Fv2%2Ftags&post=1285"}],"curies":[{"name":"wp","href":"https:\/\/api.w.org\/{rel}","templated":true}]}}