{"id":1262,"date":"2025-11-11T09:27:04","date_gmt":"2025-11-11T08:27:04","guid":{"rendered":"https:\/\/www.travelita.cz\/?p=1262"},"modified":"2025-11-11T17:27:50","modified_gmt":"2025-11-11T16:27:50","slug":"utesy-cliffs-of-moher-kde-se-irsko-setkava-s-nekonecnym-oceanem","status":"publish","type":"post","link":"https:\/\/www.travelita.cz\/?p=1262","title":{"rendered":"\u00datesy Cliffs of Moher: Kde se Irsko setk\u00e1v\u00e1 s nekone\u010dn\u00fdm oce\u00e1nem"},"content":{"rendered":"\n<p>Na z\u00e1padn\u00edm pob\u0159e\u017e\u00ed Irska, v hrabstv\u00ed <strong>Clare<\/strong>, se zem\u011b n\u00e1hle zlom\u00ed a spadne do hlubin Atlantiku. Tam, kde se v\u00edtr m\u00eds\u00ed s mo\u0159skou p\u011bnou a rackov\u00e9 krou\u017e\u00ed nad vlnami, se rozkl\u00e1daj\u00ed majest\u00e1tn\u00ed <strong>Cliffs of Moher<\/strong> \u2013 jedny z nejzn\u00e1m\u011bj\u0161\u00edch p\u0159\u00edrodn\u00edch pam\u00e1tek Irska a symbol jeho divok\u00e9 kr\u00e1sy.<\/p>\n\n\n\n<h3 class=\"wp-block-heading\">P\u0159\u00edrodn\u00ed div Irska<\/h3>\n\n\n\n<p><strong>Cliffs of Moher<\/strong> se t\u00e1hnou v d\u00e9lce asi <strong>8 kilometr\u016f<\/strong> mezi vesnicemi <strong>Doolin<\/strong> a <strong>Liscannor<\/strong>. Jejich v\u00fd\u0161ka dosahuje a\u017e <strong>214 metr\u016f<\/strong> nad mo\u0159skou hladinou (nejvy\u0161\u0161\u00ed bod je pobl\u00ed\u017e <strong>O\u2019Brien\u2019s Tower<\/strong>), odkud se otev\u00edr\u00e1 v\u00fdhled, kter\u00fd bere dech \u2013 na z\u00e1pad\u011b nekone\u010dn\u00fd Atlantik, na jihu poloostrov <strong>Loop Head<\/strong> a za jasn\u00e9ho dne dokonce <strong>Aransk\u00e9 ostrovy<\/strong>.<\/p>\n\n\n\n<p>\u00datesy jsou tvo\u0159eny <strong>vrstvami b\u0159idlice a p\u00edskovce<\/strong>, kter\u00e9 vznikly p\u0159ed zhruba <strong>320 miliony let<\/strong> v obdob\u00ed karbonu, kdy byla tato oblast dnem m\u011blk\u00e9ho mo\u0159e. Postupn\u00e1 eroze mo\u0159em a v\u011btrem po miliony let vytvarovala dne\u0161n\u00ed dramatickou krajinu.<\/p>\n\n\n\n<h3 class=\"wp-block-heading\">Domov tis\u00edc\u016f pt\u00e1k\u016f<\/h3>\n\n\n\n<p>Cliffs of Moher nejsou jen vizu\u00e1ln\u00ed pod\u00edvan\u00e1 \u2013 jsou tak\u00e9 <strong>v\u00fdznamnou pta\u010d\u00ed rezervac\u00ed<\/strong>. Ka\u017ed\u00e9 jaro a l\u00e9to se jejich skaln\u00ed st\u011bny st\u00e1vaj\u00ed hn\u00edzdi\u0161t\u011bm pro <strong>v\u00edce ne\u017e 20 druh\u016f mo\u0159sk\u00fdch pt\u00e1k\u016f<\/strong>, v\u010detn\u011b rack\u016f, bu\u0159\u0148\u00e1k\u016f, kormor\u00e1n\u016f a p\u0159edev\u0161\u00edm <strong>papuchalk\u016f severn\u00edch (puffins)<\/strong>, kter\u00e9 sem p\u0159il\u00e9taj\u00ed z oce\u00e1nu hn\u00edzdit.<\/p>\n\n\n\n<p>Celkem zde podle ornitolog\u016f \u017eije p\u0159es <strong>30 000 pt\u00e1k\u016f<\/strong>, a oblast je proto vyhl\u00e1\u0161ena jako <strong>Special Protection Area (SPA)<\/strong> podle sm\u011brnic EU o ochran\u011b pt\u00e1k\u016f.<\/p>\n\n\n\n<h3 class=\"wp-block-heading\">Lidsk\u00e1 stopa na \u00fatesu<\/h3>\n\n\n\n<p>Nejzn\u00e1m\u011bj\u0161\u00ed lidskou stavbou na \u00fatesech je <strong>O\u2019Brien\u2019s Tower<\/strong>, kamenn\u00e1 vyhl\u00eddkov\u00e1 v\u011b\u017e postaven\u00e1 v roce <strong>1835<\/strong> Corneliem O\u2019Brienem, \u010dlenem m\u00edstn\u00ed \u0161lechty. V\u011b\u0159il, \u017ee kr\u00e1su \u00fates\u016f by m\u011bli obdivovat i turist\u00e9 \u2013 a m\u011bl pravdu. Dnes z jej\u00edho ochozu vid\u00edte panorama, kter\u00e9 pat\u0159\u00ed k nejikoni\u010dt\u011bj\u0161\u00edm pohled\u016fm v cel\u00e9 Evrop\u011b.<\/p>\n\n\n\n<p>Krom\u011b v\u011b\u017ee se v modern\u00edm <strong>Cliffs of Moher Visitor Centre<\/strong> (otev\u0159en\u00e9m v roce 2007 a \u010d\u00e1ste\u010dn\u011b vestav\u011bn\u00e9m do kopce, aby neru\u0161ilo krajinu) nach\u00e1z\u00ed interaktivn\u00ed expozice o geologii, ekosyst\u00e9mu a historii m\u00edsta.<\/p>\n\n\n\n<h3 class=\"wp-block-heading\">Kdy a jak nav\u0161t\u00edvit Cliffs of Moher<\/h3>\n\n\n\n<p>Nejbli\u017e\u0161\u00ed m\u011bste\u010dko je <strong>Doolin<\/strong>, odkud se d\u00e1 k \u00fates\u016fm doj\u00edt p\u011b\u0161ky po <strong>Cliffs of Moher Coastal Walk<\/strong>, 18 kilometr\u016f dlouh\u00e9 stezce, kter\u00e1 nab\u00edz\u00ed fantastick\u00e9 v\u00fdhledy.<\/p>\n\n\n\n<p>\u00datesy jsou p\u0159\u00edstupn\u00e9 celoro\u010dn\u011b. Nejv\u00edce n\u00e1v\u0161t\u011bvn\u00edk\u016f p\u0159ij\u00ed\u017ed\u00ed v l\u00e9t\u011b, ale pokud chcete za\u017e\u00edt jejich pravou atmosf\u00e9ru, vydejte se sem <strong>r\u00e1no nebo pozd\u011b ve\u010der<\/strong> \u2013 kdy\u017e slunce vrh\u00e1 m\u011bkk\u00e9 sv\u011btlo na sk\u00e1ly a v\u00edtr nese jen zvuk mo\u0159e.<\/p>\n\n\n\n<p>Vstup na hlavn\u00ed vyhl\u00eddky je zpoplatn\u011bn\u00fd (vstupenka zahrnuje i n\u00e1v\u0161t\u011bvu informa\u010dn\u00edho centra a parkov\u00e1n\u00ed). Stezky mimo are\u00e1l jsou zdarma, ale nezapome\u0148te na pevnou obuv a opatrnost \u2013 okraj \u00fates\u016f je nechr\u00e1n\u011bn\u00fd a v\u00edtr m\u016f\u017ee b\u00fdt siln\u00fd.<\/p>\n\n\n\n<h3 class=\"wp-block-heading\">Zaj\u00edmavost pro filmov\u00e9 fanou\u0161ky<\/h3>\n\n\n\n<p>Cliffs of Moher se objevily v n\u011bkolika zn\u00e1m\u00fdch filmech. Vid\u011bt je m\u016f\u017eete nap\u0159\u00edklad v <strong>Harry Potter and the Half-Blood Prince (2009)<\/strong>, <strong>The Princess Bride (1987)<\/strong> nebo <strong>Into the West (1992)<\/strong>. Jejich dramatick\u00fd vzhled d\u011bl\u00e1 z ka\u017ed\u00e9ho z\u00e1b\u011bru dokonalou kulisu pro p\u0159\u00edb\u011bhy o odvaze, magii i tajemstv\u00ed.<\/p>\n\n\n\n<h3 class=\"wp-block-heading\">Pro\u010d Cliffs of Moher pat\u0159\u00ed na v\u00e1\u0161 seznam<\/h3>\n\n\n\n<p>Cliffs of Moher nejsou jen turistickou atrakc\u00ed. Jsou \u017eivou u\u010debnic\u00ed geologie, r\u00e1jem pro fotografy a m\u00edstem, kde \u010dlov\u011bk c\u00edt\u00ed s\u00edlu p\u0159\u00edrody v jej\u00ed nej\u010dist\u0161\u00ed podob\u011b. A\u0165 u\u017e se d\u00edv\u00e1te dol\u016f na rozbou\u0159en\u00fd oce\u00e1n, nebo jen stoj\u00edte v tichu a nech\u00e1v\u00e1te si do tv\u00e1\u0159e foukat mo\u0159sk\u00fd v\u00edtr, pochop\u00edte, pro\u010d se Irov\u00e9 k tomuto m\u00edstu vracej\u00ed znovu a znovu.<\/p>\n\n\n\n<figure class=\"wp-block-gallery has-nested-images columns-default is-cropped wp-block-gallery-1 is-layout-flex wp-block-gallery-is-layout-flex\">\n<figure class=\"wp-block-image size-large\"><img loading=\"lazy\" decoding=\"async\" width=\"1024\" height=\"681\" data-id=\"1265\" src=\"https:\/\/www.travelita.cz\/wp-content\/uploads\/2025\/11\/PICT0375-1024x681.jpg\" alt=\"\" class=\"wp-image-1265\" srcset=\"https:\/\/www.travelita.cz\/wp-content\/uploads\/2025\/11\/PICT0375-1024x681.jpg 1024w, https:\/\/www.travelita.cz\/wp-content\/uploads\/2025\/11\/PICT0375-300x199.jpg 300w, https:\/\/www.travelita.cz\/wp-content\/uploads\/2025\/11\/PICT0375-768x511.jpg 768w, https:\/\/www.travelita.cz\/wp-content\/uploads\/2025\/11\/PICT0375-1536x1021.jpg 1536w, https:\/\/www.travelita.cz\/wp-content\/uploads\/2025\/11\/PICT0375-2048x1362.jpg 2048w, https:\/\/www.travelita.cz\/wp-content\/uploads\/2025\/11\/PICT0375-180x120.jpg 180w, https:\/\/www.travelita.cz\/wp-content\/uploads\/2025\/11\/PICT0375-900x598.jpg 900w, https:\/\/www.travelita.cz\/wp-content\/uploads\/2025\/11\/PICT0375-715x475.jpg 715w\" sizes=\"auto, (max-width: 1024px) 100vw, 1024px\" \/><\/figure>\n\n\n\n<figure class=\"wp-block-image size-large\"><img loading=\"lazy\" decoding=\"async\" width=\"1024\" height=\"681\" data-id=\"1274\" src=\"https:\/\/www.travelita.cz\/wp-content\/uploads\/2025\/11\/PICT0386-1024x681.jpg\" alt=\"\" class=\"wp-image-1274\" srcset=\"https:\/\/www.travelita.cz\/wp-content\/uploads\/2025\/11\/PICT0386-1024x681.jpg 1024w, https:\/\/www.travelita.cz\/wp-content\/uploads\/2025\/11\/PICT0386-300x199.jpg 300w, https:\/\/www.travelita.cz\/wp-content\/uploads\/2025\/11\/PICT0386-768x511.jpg 768w, https:\/\/www.travelita.cz\/wp-content\/uploads\/2025\/11\/PICT0386-1536x1021.jpg 1536w, https:\/\/www.travelita.cz\/wp-content\/uploads\/2025\/11\/PICT0386-2048x1362.jpg 2048w, https:\/\/www.travelita.cz\/wp-content\/uploads\/2025\/11\/PICT0386-180x120.jpg 180w, https:\/\/www.travelita.cz\/wp-content\/uploads\/2025\/11\/PICT0386-900x598.jpg 900w, https:\/\/www.travelita.cz\/wp-content\/uploads\/2025\/11\/PICT0386-715x475.jpg 715w\" sizes=\"auto, (max-width: 1024px) 100vw, 1024px\" \/><\/figure>\n\n\n\n<figure class=\"wp-block-image size-large\"><img loading=\"lazy\" decoding=\"async\" width=\"1024\" height=\"681\" data-id=\"1275\" src=\"https:\/\/www.travelita.cz\/wp-content\/uploads\/2025\/11\/PICT0408-1-1024x681.jpg\" alt=\"\" class=\"wp-image-1275\" srcset=\"https:\/\/www.travelita.cz\/wp-content\/uploads\/2025\/11\/PICT0408-1-1024x681.jpg 1024w, https:\/\/www.travelita.cz\/wp-content\/uploads\/2025\/11\/PICT0408-1-300x199.jpg 300w, https:\/\/www.travelita.cz\/wp-content\/uploads\/2025\/11\/PICT0408-1-768x511.jpg 768w, https:\/\/www.travelita.cz\/wp-content\/uploads\/2025\/11\/PICT0408-1-1536x1021.jpg 1536w, https:\/\/www.travelita.cz\/wp-content\/uploads\/2025\/11\/PICT0408-1-2048x1362.jpg 2048w, https:\/\/www.travelita.cz\/wp-content\/uploads\/2025\/11\/PICT0408-1-180x120.jpg 180w, https:\/\/www.travelita.cz\/wp-content\/uploads\/2025\/11\/PICT0408-1-900x598.jpg 900w, https:\/\/www.travelita.cz\/wp-content\/uploads\/2025\/11\/PICT0408-1-715x475.jpg 715w\" sizes=\"auto, (max-width: 1024px) 100vw, 1024px\" \/><\/figure>\n<\/figure>\n\n\n\n<figure class=\"wp-block-image size-large\"><img loading=\"lazy\" decoding=\"async\" width=\"1024\" height=\"485\" src=\"https:\/\/www.travelita.cz\/wp-content\/uploads\/2025\/11\/cliff-of-moher-2371819_1280-1024x485.jpg\" alt=\"\" class=\"wp-image-1283\" srcset=\"https:\/\/www.travelita.cz\/wp-content\/uploads\/2025\/11\/cliff-of-moher-2371819_1280-1024x485.jpg 1024w, https:\/\/www.travelita.cz\/wp-content\/uploads\/2025\/11\/cliff-of-moher-2371819_1280-300x142.jpg 300w, https:\/\/www.travelita.cz\/wp-content\/uploads\/2025\/11\/cliff-of-moher-2371819_1280-768x364.jpg 768w, https:\/\/www.travelita.cz\/wp-content\/uploads\/2025\/11\/cliff-of-moher-2371819_1280-200x95.jpg 200w, https:\/\/www.travelita.cz\/wp-content\/uploads\/2025\/11\/cliff-of-moher-2371819_1280-900x426.jpg 900w, https:\/\/www.travelita.cz\/wp-content\/uploads\/2025\/11\/cliff-of-moher-2371819_1280-715x339.jpg 715w, https:\/\/www.travelita.cz\/wp-content\/uploads\/2025\/11\/cliff-of-moher-2371819_1280.jpg 1280w\" sizes=\"auto, (max-width: 1024px) 100vw, 1024px\" \/><\/figure>\n","protected":false},"excerpt":{"rendered":"<p>Na z\u00e1padn\u00edm pob\u0159e\u017e\u00ed Irska, v hrabstv\u00ed Clare, se zem\u011b n\u00e1hle zlom\u00ed a spadne do hlubin Atlantiku. Tam, kde se v\u00edtr m\u00eds\u00ed s mo\u0159skou p\u011bnou a rackov\u00e9 krou\u017e\u00ed nad vlnami, se rozkl\u00e1daj\u00ed majest\u00e1tn\u00ed Cliffs of Moher \u2013 jedny z nejzn\u00e1m\u011bj\u0161\u00edch p\u0159\u00edrodn\u00edch pam\u00e1tek Irska a symbol jeho divok\u00e9 kr\u00e1sy. P\u0159\u00edrodn\u00ed div Irska Cliffs of Moher&#8230;<\/p>\n","protected":false},"author":2,"featured_media":1267,"comment_status":"open","ping_status":"open","sticky":false,"template":"","format":"standard","meta":{"_eb_attr":"","footnotes":""},"categories":[80],"tags":[103,71],"class_list":["post-1262","post","type-post","status-publish","format-standard","has-post-thumbnail","hentry","category-irsko","tag-cliffs-of-moher","tag-irsko"],"rttpg_featured_image_url":{"full":["https:\/\/www.travelita.cz\/wp-content\/uploads\/2025\/11\/cliff-of-moher-4520630_1280.jpg",1280,853,false],"landscape":["https:\/\/www.travelita.cz\/wp-content\/uploads\/2025\/11\/cliff-of-moher-4520630_1280.jpg",1280,853,false],"portraits":["https:\/\/www.travelita.cz\/wp-content\/uploads\/2025\/11\/cliff-of-moher-4520630_1280.jpg",1280,853,false],"thumbnail":["https:\/\/www.travelita.cz\/wp-content\/uploads\/2025\/11\/cliff-of-moher-4520630_1280-150x150.jpg",150,150,true],"medium":["https:\/\/www.travelita.cz\/wp-content\/uploads\/2025\/11\/cliff-of-moher-4520630_1280-300x200.jpg",300,200,true],"large":["https:\/\/www.travelita.cz\/wp-content\/uploads\/2025\/11\/cliff-of-moher-4520630_1280-1024x682.jpg",690,460,true],"1536x1536":["https:\/\/www.travelita.cz\/wp-content\/uploads\/2025\/11\/cliff-of-moher-4520630_1280.jpg",1280,853,false],"2048x2048":["https:\/\/www.travelita.cz\/wp-content\/uploads\/2025\/11\/cliff-of-moher-4520630_1280.jpg",1280,853,false],"appetizo-random-thumb":["https:\/\/www.travelita.cz\/wp-content\/uploads\/2025\/11\/cliff-of-moher-4520630_1280-450x450.jpg",450,450,true],"appetizo-thumb":["https:\/\/www.travelita.cz\/wp-content\/uploads\/2025\/11\/cliff-of-moher-4520630_1280-180x120.jpg",180,120,true],"post-thumbnail":["https:\/\/www.travelita.cz\/wp-content\/uploads\/2025\/11\/cliff-of-moher-4520630_1280-150x150.jpg",150,150,true],"appetizo-large-image":["https:\/\/www.travelita.cz\/wp-content\/uploads\/2025\/11\/cliff-of-moher-4520630_1280.jpg",1280,853,false],"appetizo-medium-image":["https:\/\/www.travelita.cz\/wp-content\/uploads\/2025\/11\/cliff-of-moher-4520630_1280-900x600.jpg",900,600,true],"appetizo-small-image":["https:\/\/www.travelita.cz\/wp-content\/uploads\/2025\/11\/cliff-of-moher-4520630_1280-715x476.jpg",715,476,true]},"rttpg_author":{"display_name":"Simona Procklov\u00e1","author_link":"https:\/\/www.travelita.cz\/?author=2"},"rttpg_comment":0,"rttpg_category":"<a href=\"https:\/\/www.travelita.cz\/?cat=80\" rel=\"category\">Irsko<\/a>","rttpg_excerpt":"Na z\u00e1padn\u00edm pob\u0159e\u017e\u00ed Irska, v hrabstv\u00ed Clare, se zem\u011b n\u00e1hle zlom\u00ed a spadne do hlubin Atlantiku. Tam, kde se v\u00edtr m\u00eds\u00ed s mo\u0159skou p\u011bnou a rackov\u00e9 krou\u017e\u00ed nad vlnami, se rozkl\u00e1daj\u00ed majest\u00e1tn\u00ed Cliffs of Moher \u2013 jedny z nejzn\u00e1m\u011bj\u0161\u00edch p\u0159\u00edrodn\u00edch pam\u00e1tek Irska a symbol jeho divok\u00e9 kr\u00e1sy. P\u0159\u00edrodn\u00ed div Irska Cliffs of Moher...","_links":{"self":[{"href":"https:\/\/www.travelita.cz\/index.php?rest_route=\/wp\/v2\/posts\/1262","targetHints":{"allow":["GET"]}}],"collection":[{"href":"https:\/\/www.travelita.cz\/index.php?rest_route=\/wp\/v2\/posts"}],"about":[{"href":"https:\/\/www.travelita.cz\/index.php?rest_route=\/wp\/v2\/types\/post"}],"author":[{"embeddable":true,"href":"https:\/\/www.travelita.cz\/index.php?rest_route=\/wp\/v2\/users\/2"}],"replies":[{"embeddable":true,"href":"https:\/\/www.travelita.cz\/index.php?rest_route=%2Fwp%2Fv2%2Fcomments&post=1262"}],"version-history":[{"count":5,"href":"https:\/\/www.travelita.cz\/index.php?rest_route=\/wp\/v2\/posts\/1262\/revisions"}],"predecessor-version":[{"id":1316,"href":"https:\/\/www.travelita.cz\/index.php?rest_route=\/wp\/v2\/posts\/1262\/revisions\/1316"}],"wp:featuredmedia":[{"embeddable":true,"href":"https:\/\/www.travelita.cz\/index.php?rest_route=\/wp\/v2\/media\/1267"}],"wp:attachment":[{"href":"https:\/\/www.travelita.cz\/index.php?rest_route=%2Fwp%2Fv2%2Fmedia&parent=1262"}],"wp:term":[{"taxonomy":"category","embeddable":true,"href":"https:\/\/www.travelita.cz\/index.php?rest_route=%2Fwp%2Fv2%2Fcategories&post=1262"},{"taxonomy":"post_tag","embeddable":true,"href":"https:\/\/www.travelita.cz\/index.php?rest_route=%2Fwp%2Fv2%2Ftags&post=1262"}],"curies":[{"name":"wp","href":"https:\/\/api.w.org\/{rel}","templated":true}]}}