{"id":1000,"date":"2025-02-16T16:52:35","date_gmt":"2025-02-16T15:52:35","guid":{"rendered":"https:\/\/www.travelita.cz\/?p=1000"},"modified":"2025-02-16T16:52:39","modified_gmt":"2025-02-16T15:52:39","slug":"pisa-puldenni-nebo-celodenni-vylet","status":"publish","type":"post","link":"https:\/\/www.travelita.cz\/?p=1000","title":{"rendered":"Pisa &#8211; p\u016fldenn\u00ed nebo celodenn\u00ed v\u00fdlet"},"content":{"rendered":"\n<p>Pisa je jedno z nejzn\u00e1m\u011bj\u0161\u00edch m\u011bst Tosk\u00e1nska, p\u0159edev\u0161\u00edm d\u00edky sv\u00e9 ikonick\u00e9 \u0161ikm\u00e9 v\u011b\u017ei. M\u011bsto le\u017e\u00ed na \u0159ece Arno a m\u00e1 bohatou historii sahaj\u00edc\u00ed a\u017e do doby Etrusk\u016f. Ve st\u0159edov\u011bku bylo mocnou n\u00e1mo\u0159n\u00ed republikou, co\u017e p\u0159isp\u011blo k jeho rozvoji a vzniku mnoha v\u00fdznamn\u00fdch staveb. Dnes je Pisa nejen turistick\u00fdm magnetem, ale tak\u00e9 univerzitn\u00edm m\u011bstem s jednou z nejstar\u0161\u00edch univerzit v Evrop\u011b, kter\u00e1 byla zalo\u017eena u\u017e ve 14. stolet\u00ed. Kdy\u017e jsme v r\u00e1mci na\u0161eho okruhu jihoz\u00e1padn\u00ed Evropou pob\u00fdvali na ligursk\u00e9m pob\u0159e\u017e\u00ed, nemohli jsme si nechat uj\u00edt n\u00e1v\u0161t\u011bvu tohoto m\u011bste\u010dka, m\u011bli jsme to jen hodinku autem&#8230;<\/p>\n\n\n\n<p><strong>Piazza dei Miracoli \u2013 N\u00e1m\u011bst\u00ed z\u00e1zrak\u016f<\/strong><\/p>\n\n\n\n<p>Hlavn\u00ed atrakc\u00ed Pisy je bezpochyby Piazza dei Miracoli, co\u017e v p\u0159ekladu znamen\u00e1 \u201eN\u00e1m\u011bst\u00ed z\u00e1zrak\u016f\u201c. Tento monument\u00e1ln\u00ed komplex zahrnuje \u010dty\u0159i hlavn\u00ed stavby: D\u00f3m, Baptisterium, \u0160ikmou v\u011b\u017e a Camposanto (h\u0159bitov). Cel\u00fd are\u00e1l je zaps\u00e1n na seznam sv\u011btov\u00e9ho d\u011bdictv\u00ed UNESCO a p\u0159edstavuje vrchol st\u0159edov\u011bk\u00e9 architektury.<\/p>\n\n\n\n<p><strong>\u0160ikm\u00e1 v\u011b\u017e (Torre Pendente)<\/strong><\/p>\n\n\n\n<p>Nejslavn\u011bj\u0161\u00ed pam\u00e1tka Pisy \u2013 \u0160ikm\u00e1 v\u011b\u017e \u2013 je vlastn\u011b zvonic\u00ed katedr\u00e1ly. Stavba za\u010dala v roce 1173, ale u\u017e b\u011bhem v\u00fdstavby se v\u011b\u017e za\u010dala nakl\u00e1n\u011bt kv\u016fli nestabiln\u00edmu podlo\u017e\u00ed. Pr\u00e1ce byly n\u011bkolikr\u00e1t p\u0159eru\u0161eny, aby se zabr\u00e1nilo zhroucen\u00ed, a celkov\u00e1 stavba trvala t\u00e9m\u011b\u0159 200 let. Dnes se v\u011b\u017e ty\u010d\u00ed do v\u00fd\u0161ky 57 metr\u016f a jej\u00ed n\u00e1klon \u010din\u00ed p\u0159ibli\u017en\u011b 4 stupn\u011b. Je ob\u010das a\u017e surre\u00e1ln\u00ed pozorovat tu spoustu turist\u016f jak v\u011b\u017e &#8222;podep\u00edraj\u00ed&#8220;, aby z\u00edskali &#8222;origin\u00e1ln\u00ed&#8220; fotografii&#8230; Z\u00e1rove\u0148 je hezk\u00e9 m\u00edt mo\u017enost vyu\u017e\u00edt tzv. soudkovitost v\u0161ech neprofesion\u00e1ln\u00edch objektiv\u016f a vyfotit si nejen hrozn\u011b \u0161ikmou v\u011b\u017e v Pise, ale i jej\u00ed ne-\u0161ikmou verzi, kdy\u017e ji fot\u00edte tak, \u017ee je na jednom nebo druh\u00e9m okraji fotografie orientovan\u00e9 na \u0161\u00ed\u0159ku.<\/p>\n\n\n\n<figure class=\"wp-block-image size-large\"><img loading=\"lazy\" decoding=\"async\" width=\"1024\" height=\"683\" src=\"https:\/\/www.travelita.cz\/wp-content\/uploads\/2025\/02\/DSC06317-1024x683.jpg\" alt=\"\" class=\"wp-image-1004\" srcset=\"https:\/\/www.travelita.cz\/wp-content\/uploads\/2025\/02\/DSC06317-1024x683.jpg 1024w, https:\/\/www.travelita.cz\/wp-content\/uploads\/2025\/02\/DSC06317-300x200.jpg 300w, https:\/\/www.travelita.cz\/wp-content\/uploads\/2025\/02\/DSC06317-768x512.jpg 768w, https:\/\/www.travelita.cz\/wp-content\/uploads\/2025\/02\/DSC06317-1536x1024.jpg 1536w, https:\/\/www.travelita.cz\/wp-content\/uploads\/2025\/02\/DSC06317-2048x1365.jpg 2048w, https:\/\/www.travelita.cz\/wp-content\/uploads\/2025\/02\/DSC06317-180x120.jpg 180w, https:\/\/www.travelita.cz\/wp-content\/uploads\/2025\/02\/DSC06317-900x600.jpg 900w, https:\/\/www.travelita.cz\/wp-content\/uploads\/2025\/02\/DSC06317-715x477.jpg 715w\" sizes=\"auto, (max-width: 1024px) 100vw, 1024px\" \/><\/figure>\n\n\n\n<div class=\"wp-block-image-gallery-block-image-gallery-block\"><div class=\"eb-parent-wrapper eb-parent-eb-image-gallery-wz6hf \"><div class=\"eb-gallery-img-wrapper eb-image-gallery-wz6hf grid overlay-bottom caption-style-0   no-isotope \" data-id=\"eb-image-gallery-wz6hf\"><a href=\"https:\/\/www.travelita.cz\/wp-content\/uploads\/2025\/02\/DSC06542-scaled.jpg\" rel=\"noopener\" data-fslightbox=\"gallery\" data-type=\"image\" class=\"eb-gallery-img-content eb-filter-img-\"><span class=\"eb-gallery-link-wrapper\"><img decoding=\"async\" class=\"eb-gallery-img\" src=\"https:\/\/www.travelita.cz\/wp-content\/uploads\/2025\/02\/DSC06542-scaled.jpg\" image-index=\"0\" alt=\"\"\/><\/span><\/a><a href=\"https:\/\/www.travelita.cz\/wp-content\/uploads\/2025\/02\/PICT4841-scaled.jpg\" rel=\"noopener\" data-fslightbox=\"gallery\" data-type=\"image\" class=\"eb-gallery-img-content eb-filter-img-\"><span class=\"eb-gallery-link-wrapper\"><img decoding=\"async\" class=\"eb-gallery-img\" src=\"https:\/\/www.travelita.cz\/wp-content\/uploads\/2025\/02\/PICT4841-scaled.jpg\" image-index=\"1\" alt=\"\"\/><\/span><\/a><a href=\"https:\/\/www.travelita.cz\/wp-content\/uploads\/2025\/02\/PICT4840-scaled.jpg\" rel=\"noopener\" data-fslightbox=\"gallery\" data-type=\"image\" class=\"eb-gallery-img-content eb-filter-img-\"><span class=\"eb-gallery-link-wrapper\"><img decoding=\"async\" class=\"eb-gallery-img\" src=\"https:\/\/www.travelita.cz\/wp-content\/uploads\/2025\/02\/PICT4840-scaled.jpg\" image-index=\"2\" alt=\"\"\/><\/span><\/a><\/div><\/div><\/div>\n\n\n\n<p>Dneska je vstup na v\u011b\u017e je mo\u017en\u00fd, ale kv\u016fli omezen\u00e9 kapacit\u011b je lep\u0161\u00ed si vstupenky rezervovat p\u0159edem. P\u0159ipravte se na dlouh\u00fd v\u00fdstup po mnoha schodech se\u0161lapan\u00fdch miliony turist\u016f p\u0159ed v\u00e1mi, podivn\u00fd pocit ze \u0161ikminy plo\u0161iny se zvony na vrcholu, spolu s n\u00e1dhern\u00fdm v\u00fdhledem na ostatn\u00ed stavby n\u00e1m\u011bst\u00ed i na m\u011bsto samotn\u00e9. <\/p>\n\n\n\n<p>Nebylo tomu v\u0161ak v\u017edy. \u0160ikm\u00e1 v\u011b\u017e v Pise byla dne <strong>7. ledna 1990<\/strong> z bezpe\u010dnostn\u00edch d\u016fvod\u016f uzav\u0159ena pro turisty, proto\u017ee jej\u00ed n\u00e1klon dos\u00e1hl kritick\u00e9 \u00farovn\u011b. Po rozs\u00e1hl\u00fdch stabiliza\u010dn\u00edch prac\u00edch byla znovu otev\u0159ena <strong>15. prosince 2001<\/strong>. Pro Simonu byl v\u00fdstup do v\u011b\u017ee spln\u011bn\u00fdm d\u011btsk\u00fdm snem, tak\u017ee jsem r\u00e1d, \u017ee jsme tam byli v obdob\u00ed, kdy u\u017e byl v\u00fdstup nahoru mo\u017en\u00fd. Dodnes je v\u0161ak \u0161ikm\u00e1 v\u011b\u017e nejv\u00edce hl\u00eddanou stavbou na sv\u011bt\u011b. Jej\u00ed stav je toti\u017e neust\u00e1le monitorov\u00e1n pomoc\u00ed modern\u00edch senzor\u016f, kter\u00e9 sleduj\u00ed jej\u00ed n\u00e1klon, vibrace a dal\u0161\u00ed zm\u011bny ve struktu\u0159e. V roce 2023 senzory zaznamenali neobvyklou aktivitu a dokonce se spustil i poplach. Skoro se n\u00e1m chce \u0159\u00edct: &#8220;b\u011b\u017ete se na n\u00ed pod\u00edvat, dokud je\u0161t\u011b stoj\u00ed!&#8220;<\/p>\n\n\n\n<div class=\"wp-block-image-gallery-block-image-gallery-block\"><div class=\"eb-parent-wrapper eb-parent-eb-image-gallery-aph7n \"><div class=\"eb-gallery-img-wrapper eb-image-gallery-aph7n grid overlay-bottom caption-style-0   no-isotope \" data-id=\"eb-image-gallery-aph7n\"><a href=\"https:\/\/www.travelita.cz\/wp-content\/uploads\/2025\/02\/DSC06480-scaled.jpg\" rel=\"noopener\" data-fslightbox=\"gallery\" data-type=\"image\" class=\"eb-gallery-img-content eb-filter-img-\"><span class=\"eb-gallery-link-wrapper\"><img decoding=\"async\" class=\"eb-gallery-img\" src=\"https:\/\/www.travelita.cz\/wp-content\/uploads\/2025\/02\/DSC06480-scaled.jpg\" image-index=\"0\" alt=\"\"\/><\/span><\/a><a href=\"https:\/\/www.travelita.cz\/wp-content\/uploads\/2025\/02\/DSC06494-scaled.jpg\" rel=\"noopener\" data-fslightbox=\"gallery\" data-type=\"image\" class=\"eb-gallery-img-content eb-filter-img-\"><span class=\"eb-gallery-link-wrapper\"><img decoding=\"async\" class=\"eb-gallery-img\" src=\"https:\/\/www.travelita.cz\/wp-content\/uploads\/2025\/02\/DSC06494-scaled.jpg\" image-index=\"1\" alt=\"\"\/><\/span><\/a><a href=\"https:\/\/www.travelita.cz\/wp-content\/uploads\/2025\/02\/DSC06531-scaled.jpg\" rel=\"noopener\" data-fslightbox=\"gallery\" data-type=\"image\" class=\"eb-gallery-img-content eb-filter-img-\"><span class=\"eb-gallery-link-wrapper\"><img decoding=\"async\" class=\"eb-gallery-img\" src=\"https:\/\/www.travelita.cz\/wp-content\/uploads\/2025\/02\/DSC06531-scaled.jpg\" image-index=\"2\" alt=\"\"\/><\/span><\/a><a href=\"https:\/\/www.travelita.cz\/wp-content\/uploads\/2025\/02\/DSC06506-scaled.jpg\" rel=\"noopener\" data-fslightbox=\"gallery\" data-type=\"image\" class=\"eb-gallery-img-content eb-filter-img-\"><span class=\"eb-gallery-link-wrapper\"><img decoding=\"async\" class=\"eb-gallery-img\" src=\"https:\/\/www.travelita.cz\/wp-content\/uploads\/2025\/02\/DSC06506-scaled.jpg\" image-index=\"3\" alt=\"\"\/><\/span><\/a><a href=\"https:\/\/www.travelita.cz\/wp-content\/uploads\/2025\/02\/DSC06489-scaled.jpg\" rel=\"noopener\" data-fslightbox=\"gallery\" data-type=\"image\" class=\"eb-gallery-img-content eb-filter-img-\"><span class=\"eb-gallery-link-wrapper\"><img decoding=\"async\" class=\"eb-gallery-img\" src=\"https:\/\/www.travelita.cz\/wp-content\/uploads\/2025\/02\/DSC06489-scaled.jpg\" image-index=\"4\" alt=\"\"\/><\/span><\/a><a href=\"https:\/\/www.travelita.cz\/wp-content\/uploads\/2025\/02\/DSC06497-scaled.jpg\" rel=\"noopener\" data-fslightbox=\"gallery\" data-type=\"image\" class=\"eb-gallery-img-content eb-filter-img-\"><span class=\"eb-gallery-link-wrapper\"><img decoding=\"async\" class=\"eb-gallery-img\" src=\"https:\/\/www.travelita.cz\/wp-content\/uploads\/2025\/02\/DSC06497-scaled.jpg\" image-index=\"5\" alt=\"\"\/><\/span><\/a><\/div><\/div><\/div>\n\n\n\n<p><strong>D\u00f3m Santa Maria Assunta<\/strong><\/p>\n\n\n\n<p>P\u0159esto\u017ee v\u011bt\u0161ina n\u00e1v\u0161t\u011bvn\u00edk\u016f sm\u011b\u0159uje k v\u011b\u017ei, samotn\u00fd d\u00f3m je architektonick\u00fdm skvostem. Stavba byla zah\u00e1jena v roce 1063 a je n\u00e1dhern\u00fdm p\u0159\u00edkladem rom\u00e1nsk\u00e9ho stylu s byzantsk\u00fdmi a isl\u00e1msk\u00fdmi vlivy. Interi\u00e9r je bohat\u011b zdoben mramorem a freskami, p\u0159i\u010dem\u017e hlavn\u00ed pozornost pout\u00e1 kazatelna vytvo\u0159en\u00e1 socha\u0159em Giovannim Pisanem. Hezk\u00fdm detailem jsou kosteln\u00ed lavice dedikovan\u00e9 v\u00fdznamn\u00fdm rodin\u00e1m m\u011bsta. <\/p>\n\n\n\n<figure class=\"wp-block-image size-large\"><img loading=\"lazy\" decoding=\"async\" width=\"1024\" height=\"683\" src=\"https:\/\/www.travelita.cz\/wp-content\/uploads\/2025\/02\/DSC06469-1024x683.jpg\" alt=\"\" class=\"wp-image-1015\" srcset=\"https:\/\/www.travelita.cz\/wp-content\/uploads\/2025\/02\/DSC06469-1024x683.jpg 1024w, https:\/\/www.travelita.cz\/wp-content\/uploads\/2025\/02\/DSC06469-300x200.jpg 300w, https:\/\/www.travelita.cz\/wp-content\/uploads\/2025\/02\/DSC06469-768x512.jpg 768w, https:\/\/www.travelita.cz\/wp-content\/uploads\/2025\/02\/DSC06469-1536x1024.jpg 1536w, https:\/\/www.travelita.cz\/wp-content\/uploads\/2025\/02\/DSC06469-2048x1365.jpg 2048w, https:\/\/www.travelita.cz\/wp-content\/uploads\/2025\/02\/DSC06469-180x120.jpg 180w, https:\/\/www.travelita.cz\/wp-content\/uploads\/2025\/02\/DSC06469-900x600.jpg 900w, https:\/\/www.travelita.cz\/wp-content\/uploads\/2025\/02\/DSC06469-715x477.jpg 715w\" sizes=\"auto, (max-width: 1024px) 100vw, 1024px\" \/><\/figure>\n\n\n\n<div class=\"wp-block-image-gallery-block-image-gallery-block\"><div class=\"eb-parent-wrapper eb-parent-eb-image-gallery-2ulvh \"><div class=\"eb-gallery-img-wrapper eb-image-gallery-2ulvh grid overlay-bottom caption-style-0   no-isotope \" data-id=\"eb-image-gallery-2ulvh\"><a href=\"https:\/\/www.travelita.cz\/wp-content\/uploads\/2025\/02\/DSC06360-scaled.jpg\" rel=\"noopener\" data-fslightbox=\"gallery\" data-type=\"image\" class=\"eb-gallery-img-content eb-filter-img-\"><span class=\"eb-gallery-link-wrapper\"><img decoding=\"async\" class=\"eb-gallery-img\" src=\"https:\/\/www.travelita.cz\/wp-content\/uploads\/2025\/02\/DSC06360-scaled.jpg\" image-index=\"0\" alt=\"\"\/><\/span><\/a><a href=\"https:\/\/www.travelita.cz\/wp-content\/uploads\/2025\/02\/DSC06375.jpg\" rel=\"noopener\" data-fslightbox=\"gallery\" data-type=\"image\" class=\"eb-gallery-img-content eb-filter-img-\"><span class=\"eb-gallery-link-wrapper\"><img decoding=\"async\" class=\"eb-gallery-img\" src=\"https:\/\/www.travelita.cz\/wp-content\/uploads\/2025\/02\/DSC06375.jpg\" image-index=\"1\" alt=\"\"\/><\/span><\/a><a href=\"https:\/\/www.travelita.cz\/wp-content\/uploads\/2025\/02\/DSC06433-scaled.jpg\" rel=\"noopener\" data-fslightbox=\"gallery\" data-type=\"image\" class=\"eb-gallery-img-content eb-filter-img-\"><span class=\"eb-gallery-link-wrapper\"><img decoding=\"async\" class=\"eb-gallery-img\" src=\"https:\/\/www.travelita.cz\/wp-content\/uploads\/2025\/02\/DSC06433-scaled.jpg\" image-index=\"2\" alt=\"\"\/><\/span><\/a><\/div><\/div><\/div>\n\n\n\n<p><strong>Baptisterium sv. Jana<\/strong><\/p>\n\n\n\n<p>P\u0159\u00edmo p\u0159ed d\u00f3mem stoj\u00ed Baptisterium sv. Jana, nejv\u011bt\u0161\u00ed baptisterium v It\u00e1lii. Stavba byla zah\u00e1jena v roce 1152 a dokon\u010dena o v\u00edce ne\u017e 200 let pozd\u011bji. Jeho architektura kombinuje rom\u00e1nsk\u00e9 a gotick\u00e9 prvky. Zaj\u00edmav\u00fdm &#8222;prvkem interi\u00e9ru&#8220; je akustika \u2013 pokud m\u00e1te \u0161t\u011bst\u00ed, m\u016f\u017eete zde sly\u0161et uk\u00e1zku rezonance, kdy zvuky vyd\u00e1van\u00e9 pr\u016fvodcem vytv\u00e1\u0159ej\u00ed t\u00e9m\u011b\u0159 magick\u00fd efekt.<\/p>\n\n\n\n<figure class=\"wp-block-image size-large\"><img loading=\"lazy\" decoding=\"async\" width=\"1024\" height=\"683\" src=\"https:\/\/www.travelita.cz\/wp-content\/uploads\/2025\/02\/DSC06328-1024x683.jpg\" alt=\"\" class=\"wp-image-1022\" srcset=\"https:\/\/www.travelita.cz\/wp-content\/uploads\/2025\/02\/DSC06328-1024x683.jpg 1024w, https:\/\/www.travelita.cz\/wp-content\/uploads\/2025\/02\/DSC06328-300x200.jpg 300w, https:\/\/www.travelita.cz\/wp-content\/uploads\/2025\/02\/DSC06328-768x512.jpg 768w, https:\/\/www.travelita.cz\/wp-content\/uploads\/2025\/02\/DSC06328-1536x1024.jpg 1536w, https:\/\/www.travelita.cz\/wp-content\/uploads\/2025\/02\/DSC06328-2048x1365.jpg 2048w, https:\/\/www.travelita.cz\/wp-content\/uploads\/2025\/02\/DSC06328-180x120.jpg 180w, https:\/\/www.travelita.cz\/wp-content\/uploads\/2025\/02\/DSC06328-900x600.jpg 900w, https:\/\/www.travelita.cz\/wp-content\/uploads\/2025\/02\/DSC06328-715x477.jpg 715w\" sizes=\"auto, (max-width: 1024px) 100vw, 1024px\" \/><\/figure>\n\n\n\n<div class=\"wp-block-image-gallery-block-image-gallery-block\"><div class=\"eb-parent-wrapper eb-parent-eb-image-gallery-2k7gp \"><div class=\"eb-gallery-img-wrapper eb-image-gallery-2k7gp grid overlay-bottom caption-style-0   no-isotope \" data-id=\"eb-image-gallery-2k7gp\"><a href=\"https:\/\/www.travelita.cz\/wp-content\/uploads\/2025\/02\/DSC06344-scaled.jpg\" rel=\"noopener\" data-fslightbox=\"gallery\" data-type=\"image\" class=\"eb-gallery-img-content eb-filter-img-\"><span class=\"eb-gallery-link-wrapper\"><img decoding=\"async\" class=\"eb-gallery-img\" src=\"https:\/\/www.travelita.cz\/wp-content\/uploads\/2025\/02\/DSC06344-scaled.jpg\" image-index=\"0\" alt=\"\"\/><\/span><\/a><a href=\"https:\/\/www.travelita.cz\/wp-content\/uploads\/2025\/02\/DSC06333-scaled.jpg\" rel=\"noopener\" data-fslightbox=\"gallery\" data-type=\"image\" class=\"eb-gallery-img-content eb-filter-img-\"><span class=\"eb-gallery-link-wrapper\"><img decoding=\"async\" class=\"eb-gallery-img\" src=\"https:\/\/www.travelita.cz\/wp-content\/uploads\/2025\/02\/DSC06333-scaled.jpg\" image-index=\"1\" alt=\"\"\/><\/span><\/a><a href=\"https:\/\/www.travelita.cz\/wp-content\/uploads\/2025\/02\/DSC06334-scaled.jpg\" rel=\"noopener\" data-fslightbox=\"gallery\" data-type=\"image\" class=\"eb-gallery-img-content eb-filter-img-\"><span class=\"eb-gallery-link-wrapper\"><img decoding=\"async\" class=\"eb-gallery-img\" src=\"https:\/\/www.travelita.cz\/wp-content\/uploads\/2025\/02\/DSC06334-scaled.jpg\" image-index=\"2\" alt=\"\"\/><\/span><\/a><\/div><\/div><\/div>\n\n\n\n<p><strong>Camposanto Monumentale<\/strong><\/p>\n\n\n\n<p>M\u00e9n\u011b nav\u0161t\u011bvovanou, ale nem\u00e9n\u011b zaj\u00edmavou \u010d\u00e1st\u00ed komplexu je h\u0159bitov Camposanto. Podle legendy byla p\u016fda na h\u0159bitov p\u0159ivezena k\u0159i\u017e\u00e1ky ze Svat\u00e9 zem\u011b. Dlouh\u00e1 ark\u00e1dov\u00e1 chodba ukr\u00fdv\u00e1 n\u00e1dhern\u00e9 fresky, kter\u00e9 byly \u010d\u00e1ste\u010dn\u011b po\u0161kozeny b\u011bhem druh\u00e9 sv\u011btov\u00e9 v\u00e1lky, ale i tak stoj\u00ed za n\u00e1v\u0161t\u011bvu.<\/p>\n\n\n\n<figure class=\"wp-block-image size-large\"><img loading=\"lazy\" decoding=\"async\" width=\"1024\" height=\"633\" src=\"https:\/\/www.travelita.cz\/wp-content\/uploads\/2025\/02\/2048px-Camposanto_Monumentale_di_Pisa_16813099494-1024x633.jpg\" alt=\"\" class=\"wp-image-1024\" srcset=\"https:\/\/www.travelita.cz\/wp-content\/uploads\/2025\/02\/2048px-Camposanto_Monumentale_di_Pisa_16813099494-1024x633.jpg 1024w, https:\/\/www.travelita.cz\/wp-content\/uploads\/2025\/02\/2048px-Camposanto_Monumentale_di_Pisa_16813099494-300x185.jpg 300w, https:\/\/www.travelita.cz\/wp-content\/uploads\/2025\/02\/2048px-Camposanto_Monumentale_di_Pisa_16813099494-768x475.jpg 768w, https:\/\/www.travelita.cz\/wp-content\/uploads\/2025\/02\/2048px-Camposanto_Monumentale_di_Pisa_16813099494-1536x950.jpg 1536w, https:\/\/www.travelita.cz\/wp-content\/uploads\/2025\/02\/2048px-Camposanto_Monumentale_di_Pisa_16813099494-194x120.jpg 194w, https:\/\/www.travelita.cz\/wp-content\/uploads\/2025\/02\/2048px-Camposanto_Monumentale_di_Pisa_16813099494-900x556.jpg 900w, https:\/\/www.travelita.cz\/wp-content\/uploads\/2025\/02\/2048px-Camposanto_Monumentale_di_Pisa_16813099494-715x442.jpg 715w, https:\/\/www.travelita.cz\/wp-content\/uploads\/2025\/02\/2048px-Camposanto_Monumentale_di_Pisa_16813099494.jpg 2048w\" sizes=\"auto, (max-width: 1024px) 100vw, 1024px\" \/><\/figure>\n\n\n\n<p class=\"has-small-font-size\"> Pou\u017eit\u00e1 fotografie je od Bernd Thaller from Graz, Austria, CC BY 2.0 z Wikimedia Commons<\/p>\n\n\n\n<p><strong>Kam d\u00e1l?<\/strong><\/p>\n\n\n\n<p>Pokud m\u00e1te v Pise p\u00e1r hodin \u010dasu nav\u00edc, nab\u00edz\u00ed se n\u011bkolik mo\u017enost\u00ed ve m\u011bst\u011b:<\/p>\n\n\n\n<ul class=\"wp-block-list\">\n<li><strong>Lungarni di Pisa<\/strong> \u2013 kr\u00e1sn\u00e1 promen\u00e1da pod\u00e9l \u0159eky Arno, lemovan\u00e1 historick\u00fdmi pal\u00e1ci a kav\u00e1rnami.<\/li>\n\n\n\n<li><strong>Kostel Santa Maria della Spina<\/strong> \u2013 mal\u00fd gotick\u00fd kostel na b\u0159ehu \u0159eky, zn\u00e1m\u00fd svou detailn\u00ed fas\u00e1dou.<\/li>\n\n\n\n<li><strong>Univerzitn\u00ed \u010dtvr\u0165<\/strong> \u2013 oblast kolem Scuola Normale Superiore, jedn\u00e9 z nejpresti\u017en\u011bj\u0161\u00edch \u0161kol v It\u00e1lii.<\/li>\n<\/ul>\n\n\n\n<figure class=\"wp-block-image size-large\"><img loading=\"lazy\" decoding=\"async\" width=\"1024\" height=\"681\" src=\"https:\/\/www.travelita.cz\/wp-content\/uploads\/2025\/02\/PICT5001-1024x681.jpg\" alt=\"\" class=\"wp-image-1031\" srcset=\"https:\/\/www.travelita.cz\/wp-content\/uploads\/2025\/02\/PICT5001-1024x681.jpg 1024w, https:\/\/www.travelita.cz\/wp-content\/uploads\/2025\/02\/PICT5001-300x199.jpg 300w, https:\/\/www.travelita.cz\/wp-content\/uploads\/2025\/02\/PICT5001-768x511.jpg 768w, https:\/\/www.travelita.cz\/wp-content\/uploads\/2025\/02\/PICT5001-1536x1021.jpg 1536w, https:\/\/www.travelita.cz\/wp-content\/uploads\/2025\/02\/PICT5001-2048x1362.jpg 2048w, https:\/\/www.travelita.cz\/wp-content\/uploads\/2025\/02\/PICT5001-180x120.jpg 180w, https:\/\/www.travelita.cz\/wp-content\/uploads\/2025\/02\/PICT5001-900x598.jpg 900w, https:\/\/www.travelita.cz\/wp-content\/uploads\/2025\/02\/PICT5001-715x475.jpg 715w\" sizes=\"auto, (max-width: 1024px) 100vw, 1024px\" \/><figcaption class=\"wp-element-caption\">Santa Maria della Spina<\/figcaption><\/figure>\n\n\n\n<p><strong>Okol\u00ed Pisy<\/strong><\/p>\n\n\n\n<p>Jestli m\u00e1te z\u00e1kladnu n\u011bkde na severu jako jsme m\u011bli my, cestou zp\u00e1tky nav\u0161tivte ur\u010dit\u011b <strong>Carraru<\/strong>, mal\u00e9 m\u011bsto proslul\u00e9 sv\u00fdm b\u00edl\u00fdm mramorem, kter\u00fd se zde t\u011b\u017e\u00ed u\u017e od dob star\u00e9ho \u0158\u00edma. Tento materi\u00e1l byl pou\u017eit i na tak ikonick\u00e9 stavby, jako je <strong>Pantheon v \u0158\u00edm\u011b<\/strong> nebo <strong>Michelangel\u016fv David<\/strong>. Pokud Carraru nav\u0161t\u00edv\u00edte, rozhodn\u011b stoj\u00ed za to vydat se do okoln\u00edch lom\u016f, kde m\u016f\u017eete vid\u011bt t\u011b\u017ebu mramoru na vlastn\u00ed o\u010di, a mo\u017en\u00e1 v\u00e1m daj\u00ed na pam\u00e1tku od\u0161t\u011bpek b\u00edl\u00e9ho mramoru na pam\u00e1tku, jako n\u00e1m. N\u011bkter\u00e9 lomy nab\u00edzej\u00ed exkurze, b\u011bhem kter\u00fdch se dozv\u00edte v\u00edce o historii i sou\u010dasn\u00e9 t\u011b\u017eb\u011b tohoto vz\u00e1cn\u00e9ho kamene. Nebo m\u016f\u017eete nav\u0161t\u00edvit Museo del Marmo, kde se o mramoru a Carra\u0159e dozv\u00edte je\u0161t\u011b v\u00edc.<br><br>Pokud m\u00e1te z\u00e1kladnu ve Florencii, cestou zp\u00e1tky se nezapome\u0148te zastavit ve m\u011bst\u011b<strong> Lucca<\/strong>, kter\u00e9 je jedn\u00edm z nejkr\u00e1sn\u011bj\u0161\u00edch m\u011bst v Tosk\u00e1nsku, a je zn\u00e1m\u00e9 zachoval\u00fdmi hradbami, kter\u00e9 unikli standardn\u00edmu osudu &#8211; rozebr\u00e1n\u00ed na kameny a pou\u017eit\u00ed na stavbu dom\u016f, a m\u00edsto toho je Luccan\u00e9 prom\u011bnili na zelenou promen\u00e1du. Krom\u011b toho historick\u00e9 centrum ukr\u00fdv\u00e1 \u00fazk\u00e9 uli\u010dky, elegantn\u00ed pal\u00e1ce a n\u00e1m\u011bst\u00ed Piazza dell&#8217;Anfiteatro unik\u00e1tn\u00edho ov\u00e1ln\u00e9ho tvaru. Z <strong>Torre Guinigi<\/strong>, v\u011b\u017ee na kter\u00e9 rostou duby, se nask\u00fdt\u00e1 n\u00e1dhern\u00fd v\u00fdhled. M\u011bsto je tak\u00e9 rodi\u0161t\u011bm skladatele Giacoma Pucciniho a jestli jste fanou\u0161ky, m\u016f\u017eete zde nav\u0161t\u00edvit jeho rodn\u00fd d\u016fm. Dominantou m\u011bsta je katedr\u00e1la svat\u00e9ho Martina s bohatou v\u00fdzdobou. Lucca je mimochodem skv\u011bl\u00fdm v\u00fdchoz\u00edm bodem pro objevov\u00e1n\u00ed okoln\u00ed tosk\u00e1nsk\u00e9 krajiny.<\/p>\n\n\n\n<p><strong>Z\u00e1v\u011br<\/strong><\/p>\n\n\n\n<p>Pisa je ide\u00e1ln\u00edm c\u00edlem pro p\u016fldenn\u00ed nebo celodenn\u00ed v\u00fdlet, a\u0165 u\u017e cestujete z Florencie, nebo m\u00e1te v Tosk\u00e1nsku del\u0161\u00ed pobyt. M\u011bsto nab\u00edz\u00ed nejen notoricky zn\u00e1mou v\u011b\u017e, ale i dal\u0161\u00ed monumenty a atmosf\u00e9ru, kter\u00e1 stoj\u00ed za to za\u017e\u00edt. Sice pro velkou \u010d\u00e1st lid\u00ed nevysta\u010d\u00ed na cel\u00fd den, ale v okol\u00ed jsou na\u0161t\u011bst\u00ed dal\u0161\u00ed m\u011bste\u010dka, kter\u00e1 stoj\u00ed za to nav\u0161t\u00edvit a sv\u016fj celodenn\u00ed v\u00fdlet tak zaplnit. <\/p>\n","protected":false},"excerpt":{"rendered":"<p>Pisa je jedno z nejzn\u00e1m\u011bj\u0161\u00edch m\u011bst Tosk\u00e1nska, p\u0159edev\u0161\u00edm d\u00edky sv\u00e9 ikonick\u00e9 \u0161ikm\u00e9 v\u011b\u017ei. M\u011bsto le\u017e\u00ed na \u0159ece Arno a m\u00e1 bohatou historii sahaj\u00edc\u00ed a\u017e do doby Etrusk\u016f. Ve st\u0159edov\u011bku bylo mocnou n\u00e1mo\u0159n\u00ed republikou, co\u017e p\u0159isp\u011blo k jeho rozvoji a vzniku mnoha v\u00fdznamn\u00fdch staveb. Dnes je Pisa nejen turistick\u00fdm magnetem, ale tak\u00e9 univerzitn\u00edm m\u011bstem&#8230;<\/p>\n","protected":false},"author":1,"featured_media":1003,"comment_status":"open","ping_status":"open","sticky":false,"template":"","format":"standard","meta":{"_eb_attr":"","footnotes":""},"categories":[13],"tags":[68,69,62,67,66,70],"class_list":["post-1000","post","type-post","status-publish","format-standard","has-post-thumbnail","hentry","category-italie","tag-baptisterium-sv-jana","tag-camposanto-monumentale","tag-italie","tag-piazza-dei-miracoli","tag-pisa","tag-toskansko"],"rttpg_featured_image_url":{"full":["https:\/\/www.travelita.cz\/wp-content\/uploads\/2025\/02\/PICT4996-scaled.jpg",2560,1702,false],"landscape":["https:\/\/www.travelita.cz\/wp-content\/uploads\/2025\/02\/PICT4996-scaled.jpg",2560,1702,false],"portraits":["https:\/\/www.travelita.cz\/wp-content\/uploads\/2025\/02\/PICT4996-scaled.jpg",2560,1702,false],"thumbnail":["https:\/\/www.travelita.cz\/wp-content\/uploads\/2025\/02\/PICT4996-150x150.jpg",150,150,true],"medium":["https:\/\/www.travelita.cz\/wp-content\/uploads\/2025\/02\/PICT4996-300x199.jpg",300,199,true],"large":["https:\/\/www.travelita.cz\/wp-content\/uploads\/2025\/02\/PICT4996-1024x681.jpg",690,459,true],"1536x1536":["https:\/\/www.travelita.cz\/wp-content\/uploads\/2025\/02\/PICT4996-1536x1021.jpg",1536,1021,true],"2048x2048":["https:\/\/www.travelita.cz\/wp-content\/uploads\/2025\/02\/PICT4996-2048x1362.jpg",2048,1362,true],"appetizo-random-thumb":["https:\/\/www.travelita.cz\/wp-content\/uploads\/2025\/02\/PICT4996-450x450.jpg",450,450,true],"appetizo-thumb":["https:\/\/www.travelita.cz\/wp-content\/uploads\/2025\/02\/PICT4996-180x120.jpg",180,120,true],"post-thumbnail":["https:\/\/www.travelita.cz\/wp-content\/uploads\/2025\/02\/PICT4996-150x150.jpg",150,150,true],"appetizo-large-image":["https:\/\/www.travelita.cz\/wp-content\/uploads\/2025\/02\/PICT4996-scaled.jpg",2560,1702,false],"appetizo-medium-image":["https:\/\/www.travelita.cz\/wp-content\/uploads\/2025\/02\/PICT4996-900x598.jpg",900,598,true],"appetizo-small-image":["https:\/\/www.travelita.cz\/wp-content\/uploads\/2025\/02\/PICT4996-715x475.jpg",715,475,true]},"rttpg_author":{"display_name":"Travelito","author_link":"https:\/\/www.travelita.cz\/?author=1"},"rttpg_comment":0,"rttpg_category":"<a href=\"https:\/\/www.travelita.cz\/?cat=13\" rel=\"category\">It\u00e1lie<\/a>","rttpg_excerpt":"Pisa je jedno z nejzn\u00e1m\u011bj\u0161\u00edch m\u011bst Tosk\u00e1nska, p\u0159edev\u0161\u00edm d\u00edky sv\u00e9 ikonick\u00e9 \u0161ikm\u00e9 v\u011b\u017ei. M\u011bsto le\u017e\u00ed na \u0159ece Arno a m\u00e1 bohatou historii sahaj\u00edc\u00ed a\u017e do doby Etrusk\u016f. Ve st\u0159edov\u011bku bylo mocnou n\u00e1mo\u0159n\u00ed republikou, co\u017e p\u0159isp\u011blo k jeho rozvoji a vzniku mnoha v\u00fdznamn\u00fdch staveb. Dnes je Pisa nejen turistick\u00fdm magnetem, ale tak\u00e9 univerzitn\u00edm m\u011bstem...","_links":{"self":[{"href":"https:\/\/www.travelita.cz\/index.php?rest_route=\/wp\/v2\/posts\/1000","targetHints":{"allow":["GET"]}}],"collection":[{"href":"https:\/\/www.travelita.cz\/index.php?rest_route=\/wp\/v2\/posts"}],"about":[{"href":"https:\/\/www.travelita.cz\/index.php?rest_route=\/wp\/v2\/types\/post"}],"author":[{"embeddable":true,"href":"https:\/\/www.travelita.cz\/index.php?rest_route=\/wp\/v2\/users\/1"}],"replies":[{"embeddable":true,"href":"https:\/\/www.travelita.cz\/index.php?rest_route=%2Fwp%2Fv2%2Fcomments&post=1000"}],"version-history":[{"count":13,"href":"https:\/\/www.travelita.cz\/index.php?rest_route=\/wp\/v2\/posts\/1000\/revisions"}],"predecessor-version":[{"id":1037,"href":"https:\/\/www.travelita.cz\/index.php?rest_route=\/wp\/v2\/posts\/1000\/revisions\/1037"}],"wp:featuredmedia":[{"embeddable":true,"href":"https:\/\/www.travelita.cz\/index.php?rest_route=\/wp\/v2\/media\/1003"}],"wp:attachment":[{"href":"https:\/\/www.travelita.cz\/index.php?rest_route=%2Fwp%2Fv2%2Fmedia&parent=1000"}],"wp:term":[{"taxonomy":"category","embeddable":true,"href":"https:\/\/www.travelita.cz\/index.php?rest_route=%2Fwp%2Fv2%2Fcategories&post=1000"},{"taxonomy":"post_tag","embeddable":true,"href":"https:\/\/www.travelita.cz\/index.php?rest_route=%2Fwp%2Fv2%2Ftags&post=1000"}],"curies":[{"name":"wp","href":"https:\/\/api.w.org\/{rel}","templated":true}]}}